{"id":52710,"date":"2025-07-30T08:55:17","date_gmt":"2025-07-30T14:55:17","guid":{"rendered":"https:\/\/quepocamadre.com\/?p=52710"},"modified":"2025-07-30T08:56:05","modified_gmt":"2025-07-30T14:56:05","slug":"entrega-la-gober-del-edomex-apoyos-economicos-a-pueblos-indigenas-y-afromexicanos","status":"publish","type":"post","link":"https:\/\/quepocamadre.com\/?p=52710","title":{"rendered":"Entrega la Gober del Edom\u00e9x apoyos econ\u00f3micos a pueblos ind\u00edgenas y afromexicanos"},"content":{"rendered":"<blockquote><p>Los recursos se entregan sin intermediarios a trav\u00e9s del Fondo de Aportaciones para la Infraestructura Social de los Pueblos Ind\u00edgenas y Afromexicanos (FAISPIAM).<\/p><\/blockquote>\n<p>Por primera vez en la historia, m\u00e1s de 600 comunidades ind\u00edgenas y afromexicanas del Estado de M\u00e9xico reciben de manera directa, sin intermediarios, apoyos econ\u00f3micos para impulsar el desarrollo local a trav\u00e9s de obras, acciones sociales o inversiones, anunci\u00f3 la Gobernadora del Estado de M\u00e9xico, Maestra Delfina G\u00f3mez \u00c1lvarez.<\/p>\n<p>\u201cHoy es un d\u00eda hist\u00f3rico. Estamos aqu\u00ed reunidos para entregarles en propia mano las tarjetas del Fondo de Aportaciones para la Infraestructura Social de los Pueblos Ind\u00edgenas y Afromexicanos, el FAISPIAM 2025, para que accedan a recursos que ustedes mismos aplicar\u00e1n\u201d, se\u00f1al\u00f3 la Gobernadora Delfina G\u00f3mez \u00c1lvarez.<\/p>\n<p>En el Centro Ceremonial Otom\u00ed, ante m\u00e1s de cinco mil integrantes de los pueblos originarios del Estado de M\u00e9xico \u2014matlatzincas, nahuas, mazahuas y otom\u00edes\u2014, la Mandataria estatal record\u00f3 el legado del Presidente Andr\u00e9s Manuel L\u00f3pez Obrador al promover, en los \u00faltimos d\u00edas de su mandato, una reforma constitucional que reconoce a los grupos ind\u00edgenas como sujetos de derecho.<\/p>\n<p>Agradeci\u00f3 tambi\u00e9n a la Presidenta Claudia Sheinbaum Pardo por continuar el apoyo a este sector a trav\u00e9s de la Secretar\u00eda de Bienestar federal.<\/p>\n<p><a href=\"https:\/\/quepocamadre.com\/wp-content\/uploads\/2025\/07\/7delfina-2-7.jpg\"><img fetchpriority=\"high\" decoding=\"async\" class=\"aligncenter size-full wp-image-52716\" src=\"https:\/\/quepocamadre.com\/wp-content\/uploads\/2025\/07\/7delfina-2-7.jpg\" alt=\"\" width=\"1200\" height=\"801\" srcset=\"https:\/\/quepocamadre.com\/wp-content\/uploads\/2025\/07\/7delfina-2-7.jpg 1200w, https:\/\/quepocamadre.com\/wp-content\/uploads\/2025\/07\/7delfina-2-7-300x200.jpg 300w, https:\/\/quepocamadre.com\/wp-content\/uploads\/2025\/07\/7delfina-2-7-1024x684.jpg 1024w, https:\/\/quepocamadre.com\/wp-content\/uploads\/2025\/07\/7delfina-2-7-768x513.jpg 768w\" sizes=\"(max-width: 1200px) 100vw, 1200px\" \/><\/a><\/p>\n<p>\u201cMe informan que son m\u00e1s de 600 comunidades las que van a ser beneficiadas. Un aplauso a ustedes tambi\u00e9n por haber logrado este acto de justicia. Y yo insisto, de verdad, es un acto de justicia\u201d, puntualiz\u00f3 la Maestra Delfina G\u00f3mez \u00c1lvarez.<\/p>\n<p>Destac\u00f3 la importancia de los Comit\u00e9s de Control y Vigilancia, instancias responsables de asegurar que estos apoyos cumplan su cometido, as\u00ed como de supervisar y dar seguimiento a los proyectos. Los recursos del FAISPIAM permitir\u00e1n a los beneficiarios realizar obras comunitarias que ellos mismos definir\u00e1n mediante asambleas, en las que las tesoreras ser\u00e1n mujeres elegidas por la propia comunidad.<\/p>\n<p>\u201cCon este esquema no hay intermediarios. Ahora, directamente, los pueblos y comunidades ind\u00edgenas ser\u00e1n quienes decidan c\u00f3mo y de qu\u00e9 manera invertir estos recursos, promoviendo as\u00ed la autonom\u00eda y el desarrollo local, ya sea en el financiamiento de obras, de acciones sociales b\u00e1sicas o de inversiones que beneficien directamente a la poblaci\u00f3n\u201d, acot\u00f3 la Gobernadora Delfina G\u00f3mez \u00c1lvarez.<\/p>\n<p>Al evento asistieron: Ernesto Armend\u00e1riz Ram\u00edrez, titular de la Delegaci\u00f3n de Programas para el Desarrollo en el Estado de M\u00e9xico; Gerardo Albino Gonz\u00e1lez, director de Operaci\u00f3n Regional del Instituto Nacional de los Pueblos Ind\u00edgenas (INPI); Juan Carlos Gonz\u00e1lez Romero, secretario de Bienestar del Estado de M\u00e9xico; Berenice Carrillo Macario, presidenta municipal de Temoaya, y Nelly Rivera S\u00e1nchez, diputada local.<\/p>\n","protected":false},"excerpt":{"rendered":"<p>Los recursos se entregan sin intermediarios a trav\u00e9s del Fondo de Aportaciones para la Infraestructura Social de los Pueblos Ind\u00edgenas y Afromexicanos (FAISPIAM). Por primera vez en la historia, m\u00e1s de 600 comunidades ind\u00edgenas y afromexicanas del Estado de M\u00e9xico reciben de manera directa, sin intermediarios, apoyos econ\u00f3micos para impulsar el desarrollo local a trav\u00e9s [&hellip;]<\/p>\n","protected":false},"author":1,"featured_media":52715,"comment_status":"open","ping_status":"open","sticky":false,"template":"","format":"standard","meta":{"footnotes":""},"categories":[102],"tags":[],"class_list":["post-52710","post","type-post","status-publish","format-standard","has-post-thumbnail","hentry","category-edomex"],"_links":{"self":[{"href":"https:\/\/quepocamadre.com\/index.php?rest_route=\/wp\/v2\/posts\/52710","targetHints":{"allow":["GET"]}}],"collection":[{"href":"https:\/\/quepocamadre.com\/index.php?rest_route=\/wp\/v2\/posts"}],"about":[{"href":"https:\/\/quepocamadre.com\/index.php?rest_route=\/wp\/v2\/types\/post"}],"author":[{"embeddable":true,"href":"https:\/\/quepocamadre.com\/index.php?rest_route=\/wp\/v2\/users\/1"}],"replies":[{"embeddable":true,"href":"https:\/\/quepocamadre.com\/index.php?rest_route=%2Fwp%2Fv2%2Fcomments&post=52710"}],"version-history":[{"count":2,"href":"https:\/\/quepocamadre.com\/index.php?rest_route=\/wp\/v2\/posts\/52710\/revisions"}],"predecessor-version":[{"id":52718,"href":"https:\/\/quepocamadre.com\/index.php?rest_route=\/wp\/v2\/posts\/52710\/revisions\/52718"}],"wp:featuredmedia":[{"embeddable":true,"href":"https:\/\/quepocamadre.com\/index.php?rest_route=\/wp\/v2\/media\/52715"}],"wp:attachment":[{"href":"https:\/\/quepocamadre.com\/index.php?rest_route=%2Fwp%2Fv2%2Fmedia&parent=52710"}],"wp:term":[{"taxonomy":"category","embeddable":true,"href":"https:\/\/quepocamadre.com\/index.php?rest_route=%2Fwp%2Fv2%2Fcategories&post=52710"},{"taxonomy":"post_tag","embeddable":true,"href":"https:\/\/quepocamadre.com\/index.php?rest_route=%2Fwp%2Fv2%2Ftags&post=52710"}],"curies":[{"name":"wp","href":"https:\/\/api.w.org\/{rel}","templated":true}]}}