{"id":52392,"date":"2025-07-24T09:09:39","date_gmt":"2025-07-24T15:09:39","guid":{"rendered":"https:\/\/quepocamadre.com\/?p=52392"},"modified":"2025-07-24T09:09:39","modified_gmt":"2025-07-24T15:09:39","slug":"en-la-primavera-de-su-vida-la-atropellaron","status":"publish","type":"post","link":"https:\/\/quepocamadre.com\/?p=52392","title":{"rendered":"\u00a1EN LA PRIMAVERA DE SU VIDA LA ATROPELLARON!"},"content":{"rendered":"<p>Un fatal accidente ocurri\u00f3 este mi\u00e9rcoles en la CDMX, una mujer de apenas 25 a\u00f1os fue atropellada por una unidad del transporte p\u00fablico de tipo microb\u00fas, el resultado fue fatal, la joven muri\u00f3 al instante.<\/p>\n<p>Fue sobre Insurgentes y San Fernando cuando el microb\u00fas no alcanz\u00f3 a frenar en el andar de la muchacha, arrolladora y derivado del impacto esta cay\u00f3 al suelo, la llanta delantera del lado del chofer le pas\u00f3 por encima, prens\u00e1ndola y d\u00e1ndole muerte.<\/p>\n<p>La polic\u00eda capitalina hizo su arribo, custodi\u00f3 la zona y procedieron a la detenci\u00f3n del chofer para delegar responsabilidades.<\/p>\n","protected":false},"excerpt":{"rendered":"<p>Un fatal accidente ocurri\u00f3 este mi\u00e9rcoles en la CDMX, una mujer de apenas 25 a\u00f1os fue atropellada por una unidad del transporte p\u00fablico de tipo microb\u00fas, el resultado fue fatal, la joven muri\u00f3 al instante. Fue sobre Insurgentes y San Fernando cuando el microb\u00fas no alcanz\u00f3 a frenar en el andar de la muchacha, arrolladora [&hellip;]<\/p>\n","protected":false},"author":1,"featured_media":52398,"comment_status":"open","ping_status":"open","sticky":false,"template":"","format":"standard","meta":{"footnotes":""},"categories":[123],"tags":[],"class_list":["post-52392","post","type-post","status-publish","format-standard","has-post-thumbnail","hentry","category-cdmx"],"_links":{"self":[{"href":"https:\/\/quepocamadre.com\/index.php?rest_route=\/wp\/v2\/posts\/52392","targetHints":{"allow":["GET"]}}],"collection":[{"href":"https:\/\/quepocamadre.com\/index.php?rest_route=\/wp\/v2\/posts"}],"about":[{"href":"https:\/\/quepocamadre.com\/index.php?rest_route=\/wp\/v2\/types\/post"}],"author":[{"embeddable":true,"href":"https:\/\/quepocamadre.com\/index.php?rest_route=\/wp\/v2\/users\/1"}],"replies":[{"embeddable":true,"href":"https:\/\/quepocamadre.com\/index.php?rest_route=%2Fwp%2Fv2%2Fcomments&post=52392"}],"version-history":[{"count":1,"href":"https:\/\/quepocamadre.com\/index.php?rest_route=\/wp\/v2\/posts\/52392\/revisions"}],"predecessor-version":[{"id":52399,"href":"https:\/\/quepocamadre.com\/index.php?rest_route=\/wp\/v2\/posts\/52392\/revisions\/52399"}],"wp:featuredmedia":[{"embeddable":true,"href":"https:\/\/quepocamadre.com\/index.php?rest_route=\/wp\/v2\/media\/52398"}],"wp:attachment":[{"href":"https:\/\/quepocamadre.com\/index.php?rest_route=%2Fwp%2Fv2%2Fmedia&parent=52392"}],"wp:term":[{"taxonomy":"category","embeddable":true,"href":"https:\/\/quepocamadre.com\/index.php?rest_route=%2Fwp%2Fv2%2Fcategories&post=52392"},{"taxonomy":"post_tag","embeddable":true,"href":"https:\/\/quepocamadre.com\/index.php?rest_route=%2Fwp%2Fv2%2Ftags&post=52392"}],"curies":[{"name":"wp","href":"https:\/\/api.w.org\/{rel}","templated":true}]}}