{"id":51843,"date":"2025-07-14T08:14:08","date_gmt":"2025-07-14T14:14:08","guid":{"rendered":"https:\/\/quepocamadre.com\/?p=51843"},"modified":"2025-07-14T08:14:08","modified_gmt":"2025-07-14T14:14:08","slug":"dos-mujeres-mueren-y-tres-personas-resultan-heridas-en-choque-en-la-carretera-san-juan-del-rio-xilitla","status":"publish","type":"post","link":"https:\/\/quepocamadre.com\/?p=51843","title":{"rendered":"DOS MUJERES MUEREN Y TRES PERSONAS RESULTAN HERIDAS EN CHOQUE EN LA CARRETERA SAN JUAN DEL R\u00cdO\u2013XILITLA"},"content":{"rendered":"<p>Se present\u00f3 un tr\u00e1gico accidente, que dej\u00f3 un saldo de dos personas sin vida, en el tramo Cadereyta de Montes-Villa Guerrero de la carretera federal 120 San Juan del R\u00edo-Xilitla. Tras recibir un reporte, diversos cuerpos de emergencia acudieron al sitio de la desgracia.<\/p>\n<p>A su arribo, bomberos del municipio realizaron la liberaci\u00f3n de dos personas con vida y dos personas que no sobrevivieron.<\/p>\n<p>En las labores tambi\u00e9n intervino personal de la Fiscal\u00eda General del Estado de Quer\u00e9taro, Servicio M\u00e9dico Forense, Protecci\u00f3n Civil, Cruz Roja local y Seguridad Publica Municipal de Cadereyta de Montes y otros municipios.<\/p>\n","protected":false},"excerpt":{"rendered":"<p>Se present\u00f3 un tr\u00e1gico accidente, que dej\u00f3 un saldo de dos personas sin vida, en el tramo Cadereyta de Montes-Villa Guerrero de la carretera federal 120 San Juan del R\u00edo-Xilitla. Tras recibir un reporte, diversos cuerpos de emergencia acudieron al sitio de la desgracia. A su arribo, bomberos del municipio realizaron la liberaci\u00f3n de dos [&hellip;]<\/p>\n","protected":false},"author":1,"featured_media":51845,"comment_status":"open","ping_status":"open","sticky":false,"template":"","format":"standard","meta":{"footnotes":""},"categories":[124,179],"tags":[],"class_list":["post-51843","post","type-post","status-publish","format-standard","has-post-thumbnail","hentry","category-nacional","category-qr"],"_links":{"self":[{"href":"https:\/\/quepocamadre.com\/index.php?rest_route=\/wp\/v2\/posts\/51843","targetHints":{"allow":["GET"]}}],"collection":[{"href":"https:\/\/quepocamadre.com\/index.php?rest_route=\/wp\/v2\/posts"}],"about":[{"href":"https:\/\/quepocamadre.com\/index.php?rest_route=\/wp\/v2\/types\/post"}],"author":[{"embeddable":true,"href":"https:\/\/quepocamadre.com\/index.php?rest_route=\/wp\/v2\/users\/1"}],"replies":[{"embeddable":true,"href":"https:\/\/quepocamadre.com\/index.php?rest_route=%2Fwp%2Fv2%2Fcomments&post=51843"}],"version-history":[{"count":1,"href":"https:\/\/quepocamadre.com\/index.php?rest_route=\/wp\/v2\/posts\/51843\/revisions"}],"predecessor-version":[{"id":51846,"href":"https:\/\/quepocamadre.com\/index.php?rest_route=\/wp\/v2\/posts\/51843\/revisions\/51846"}],"wp:featuredmedia":[{"embeddable":true,"href":"https:\/\/quepocamadre.com\/index.php?rest_route=\/wp\/v2\/media\/51845"}],"wp:attachment":[{"href":"https:\/\/quepocamadre.com\/index.php?rest_route=%2Fwp%2Fv2%2Fmedia&parent=51843"}],"wp:term":[{"taxonomy":"category","embeddable":true,"href":"https:\/\/quepocamadre.com\/index.php?rest_route=%2Fwp%2Fv2%2Fcategories&post=51843"},{"taxonomy":"post_tag","embeddable":true,"href":"https:\/\/quepocamadre.com\/index.php?rest_route=%2Fwp%2Fv2%2Ftags&post=51843"}],"curies":[{"name":"wp","href":"https:\/\/api.w.org\/{rel}","templated":true}]}}