{"id":51780,"date":"2025-07-11T08:28:53","date_gmt":"2025-07-11T14:28:53","guid":{"rendered":"https:\/\/quepocamadre.com\/?p=51780"},"modified":"2025-07-11T08:28:53","modified_gmt":"2025-07-11T14:28:53","slug":"ejecutan-a-hombre-en-pleno-centro-de-san-rafael-veracruz","status":"publish","type":"post","link":"https:\/\/quepocamadre.com\/?p=51780","title":{"rendered":"EJECUTAN A HOMBRE EN PLENO CENTRO DE SAN RAFAEL, VERACRUZ"},"content":{"rendered":"<p>La violencia se hizo presente nuevamente en este municipio, cuando un hombre fue asesinado a balazos en el parque de la colonia 13 de Diciembre, justo en el coraz\u00f3n de la cabecera municipal de San Rafael, Veracruz. El ataque armado, ocurrido a plena luz del d\u00eda, provoc\u00f3 p\u00e1nico entre vecinos y familias que se encontraban en la zona.<\/p>\n<p>Testigos relataron que el hombre fue acribillado sin mediar palabra, en un acto que ha sido interpretado como un desaf\u00edo directo de la delincuencia a las autoridades locales. A pesar del despliegue de elementos preventivos tras los hechos, no se reportan personas detenidas. La Fiscal\u00eda del Estado ya investiga el crimen.<\/p>\n","protected":false},"excerpt":{"rendered":"<p>La violencia se hizo presente nuevamente en este municipio, cuando un hombre fue asesinado a balazos en el parque de la colonia 13 de Diciembre, justo en el coraz\u00f3n de la cabecera municipal de San Rafael, Veracruz. El ataque armado, ocurrido a plena luz del d\u00eda, provoc\u00f3 p\u00e1nico entre vecinos y familias que se encontraban [&hellip;]<\/p>\n","protected":false},"author":1,"featured_media":51784,"comment_status":"open","ping_status":"open","sticky":false,"template":"","format":"standard","meta":{"footnotes":""},"categories":[124,131],"tags":[],"class_list":["post-51780","post","type-post","status-publish","format-standard","has-post-thumbnail","hentry","category-nacional","category-veracruz"],"_links":{"self":[{"href":"https:\/\/quepocamadre.com\/index.php?rest_route=\/wp\/v2\/posts\/51780","targetHints":{"allow":["GET"]}}],"collection":[{"href":"https:\/\/quepocamadre.com\/index.php?rest_route=\/wp\/v2\/posts"}],"about":[{"href":"https:\/\/quepocamadre.com\/index.php?rest_route=\/wp\/v2\/types\/post"}],"author":[{"embeddable":true,"href":"https:\/\/quepocamadre.com\/index.php?rest_route=\/wp\/v2\/users\/1"}],"replies":[{"embeddable":true,"href":"https:\/\/quepocamadre.com\/index.php?rest_route=%2Fwp%2Fv2%2Fcomments&post=51780"}],"version-history":[{"count":1,"href":"https:\/\/quepocamadre.com\/index.php?rest_route=\/wp\/v2\/posts\/51780\/revisions"}],"predecessor-version":[{"id":51785,"href":"https:\/\/quepocamadre.com\/index.php?rest_route=\/wp\/v2\/posts\/51780\/revisions\/51785"}],"wp:featuredmedia":[{"embeddable":true,"href":"https:\/\/quepocamadre.com\/index.php?rest_route=\/wp\/v2\/media\/51784"}],"wp:attachment":[{"href":"https:\/\/quepocamadre.com\/index.php?rest_route=%2Fwp%2Fv2%2Fmedia&parent=51780"}],"wp:term":[{"taxonomy":"category","embeddable":true,"href":"https:\/\/quepocamadre.com\/index.php?rest_route=%2Fwp%2Fv2%2Fcategories&post=51780"},{"taxonomy":"post_tag","embeddable":true,"href":"https:\/\/quepocamadre.com\/index.php?rest_route=%2Fwp%2Fv2%2Ftags&post=51780"}],"curies":[{"name":"wp","href":"https:\/\/api.w.org\/{rel}","templated":true}]}}