{"id":51773,"date":"2025-07-11T08:23:38","date_gmt":"2025-07-11T14:23:38","guid":{"rendered":"https:\/\/quepocamadre.com\/?p=51773"},"modified":"2025-07-11T08:23:38","modified_gmt":"2025-07-11T14:23:38","slug":"queria-cruzar-y-cruzo-al-mas-alla","status":"publish","type":"post","link":"https:\/\/quepocamadre.com\/?p=51773","title":{"rendered":"\u00a1QUER\u00cdA CRUZAR Y CRUZ\u00d3 AL M\u00c1S ALL\u00c1!"},"content":{"rendered":"<p>En la carretera de Armer\u00eda- Tecom\u00e1n, en el estado de Colima, un sujeto intent\u00f3 cruzar la carretera transitada y fue alcanzado por un autom\u00f3vil quien lo arroll\u00f3 lanz\u00e1ndolo varios metros por delante caus\u00e1ndole la muerte de inmediato.<\/p>\n<p>El cuerpo qued\u00f3 al descubierto durante el tiempo en el que elementos de la Guardia Nacional llegaron al sitio, fueron vecinos de la carretera quienes agilizaron el tr\u00e1nsito y trataron de cubrir el cad\u00e1ver con un costal.<\/p>\n<p>La llegada del SEMEFO origin\u00f3 que el tr\u00e1fico parara unos minutos, los elementos simplemente constataron la carencia de vida y procedieron al levantamiento del cuerpo.<\/p>\n<p>El automovilista huy\u00f3 y no se reporta que haya sido detenido.<\/p>\n","protected":false},"excerpt":{"rendered":"<p>En la carretera de Armer\u00eda- Tecom\u00e1n, en el estado de Colima, un sujeto intent\u00f3 cruzar la carretera transitada y fue alcanzado por un autom\u00f3vil quien lo arroll\u00f3 lanz\u00e1ndolo varios metros por delante caus\u00e1ndole la muerte de inmediato. El cuerpo qued\u00f3 al descubierto durante el tiempo en el que elementos de la Guardia Nacional llegaron al [&hellip;]<\/p>\n","protected":false},"author":1,"featured_media":51775,"comment_status":"open","ping_status":"open","sticky":false,"template":"","format":"standard","meta":{"footnotes":""},"categories":[182,124],"tags":[],"class_list":["post-51773","post","type-post","status-publish","format-standard","has-post-thumbnail","hentry","category-colima","category-nacional"],"_links":{"self":[{"href":"https:\/\/quepocamadre.com\/index.php?rest_route=\/wp\/v2\/posts\/51773","targetHints":{"allow":["GET"]}}],"collection":[{"href":"https:\/\/quepocamadre.com\/index.php?rest_route=\/wp\/v2\/posts"}],"about":[{"href":"https:\/\/quepocamadre.com\/index.php?rest_route=\/wp\/v2\/types\/post"}],"author":[{"embeddable":true,"href":"https:\/\/quepocamadre.com\/index.php?rest_route=\/wp\/v2\/users\/1"}],"replies":[{"embeddable":true,"href":"https:\/\/quepocamadre.com\/index.php?rest_route=%2Fwp%2Fv2%2Fcomments&post=51773"}],"version-history":[{"count":1,"href":"https:\/\/quepocamadre.com\/index.php?rest_route=\/wp\/v2\/posts\/51773\/revisions"}],"predecessor-version":[{"id":51776,"href":"https:\/\/quepocamadre.com\/index.php?rest_route=\/wp\/v2\/posts\/51773\/revisions\/51776"}],"wp:featuredmedia":[{"embeddable":true,"href":"https:\/\/quepocamadre.com\/index.php?rest_route=\/wp\/v2\/media\/51775"}],"wp:attachment":[{"href":"https:\/\/quepocamadre.com\/index.php?rest_route=%2Fwp%2Fv2%2Fmedia&parent=51773"}],"wp:term":[{"taxonomy":"category","embeddable":true,"href":"https:\/\/quepocamadre.com\/index.php?rest_route=%2Fwp%2Fv2%2Fcategories&post=51773"},{"taxonomy":"post_tag","embeddable":true,"href":"https:\/\/quepocamadre.com\/index.php?rest_route=%2Fwp%2Fv2%2Ftags&post=51773"}],"curies":[{"name":"wp","href":"https:\/\/api.w.org\/{rel}","templated":true}]}}