{"id":51344,"date":"2025-07-02T08:46:08","date_gmt":"2025-07-02T14:46:08","guid":{"rendered":"https:\/\/quepocamadre.com\/?p=51344"},"modified":"2025-07-02T08:46:08","modified_gmt":"2025-07-02T14:46:08","slug":"fatal-accidente-en-zacatecas-ocho-muertos-y-dos-heridos-tras-brutal-choque-en-sombrerete","status":"publish","type":"post","link":"https:\/\/quepocamadre.com\/?p=51344","title":{"rendered":"\u00a1FATAL ACCIDENTE EN ZACATECAS! OCHO MUERTOS Y DOS HERIDOS TRAS BRUTAL CHOQUE EN SOMBRERETE"},"content":{"rendered":"<p>Una tragedia sacudi\u00f3 la carretera federal 45, en el tramo Sombrerete-Fresnillo, Zacatecas, la noche del lunes 30 de junio, cuando una camioneta tipo panel de transporte de pasajeros y un tractocami\u00f3n colisionaron de frente, dejando como saldo ocho personas fallecidas y dos m\u00e1s gravemente heridas. El accidente ocurri\u00f3 a la altura del entronque con la comunidad San Antonio de los Tepetates, movilizando de inmediato a cuerpos de emergencia, Guardia Nacional, Ej\u00e9rcito y autoridades estatales.<\/p>\n<p><a href=\"https:\/\/quepocamadre.com\/wp-content\/uploads\/2025\/07\/FATAL-ACCIDENTE-EN-ZACATECAS-2.jpg\"><img fetchpriority=\"high\" decoding=\"async\" class=\"aligncenter size-full wp-image-51348\" src=\"https:\/\/quepocamadre.com\/wp-content\/uploads\/2025\/07\/FATAL-ACCIDENTE-EN-ZACATECAS-2.jpg\" alt=\"\" width=\"1200\" height=\"801\" srcset=\"https:\/\/quepocamadre.com\/wp-content\/uploads\/2025\/07\/FATAL-ACCIDENTE-EN-ZACATECAS-2.jpg 1200w, https:\/\/quepocamadre.com\/wp-content\/uploads\/2025\/07\/FATAL-ACCIDENTE-EN-ZACATECAS-2-300x200.jpg 300w, https:\/\/quepocamadre.com\/wp-content\/uploads\/2025\/07\/FATAL-ACCIDENTE-EN-ZACATECAS-2-1024x684.jpg 1024w, https:\/\/quepocamadre.com\/wp-content\/uploads\/2025\/07\/FATAL-ACCIDENTE-EN-ZACATECAS-2-768x513.jpg 768w\" sizes=\"(max-width: 1200px) 100vw, 1200px\" \/><\/a><\/p>\n<p>Entre las v\u00edctimas mortales se encuentran al menos siete integrantes de una misma familia originaria de P\u00e1nuco, Zacatecas, mientras que las dos personas lesionadas \u2014una mujer de 30 a\u00f1os y un menor de 10\u2014 fueron trasladadas en estado cr\u00edtico a hospitales cercanos. La camioneta, que transportaba a 15 personas, termin\u00f3 volcada fuera de la carretera. El conductor del tractocami\u00f3n, originario de Jalisco, result\u00f3 ileso y declar\u00f3 que se dirig\u00eda a Durango a entregar equipo de gimnasio. Las autoridades se\u00f1alan como posibles causas del siniestro la velocidad inmoderada y el mal estado de la v\u00eda. La Fiscal\u00eda General del Estado ya investiga los hechos.<\/p>\n<p><a href=\"https:\/\/quepocamadre.com\/wp-content\/uploads\/2025\/07\/FATAL-ACCIDENTE-EN-ZACATECAS-3.jpg\"><img decoding=\"async\" class=\"aligncenter size-full wp-image-51349\" src=\"https:\/\/quepocamadre.com\/wp-content\/uploads\/2025\/07\/FATAL-ACCIDENTE-EN-ZACATECAS-3.jpg\" alt=\"\" width=\"1200\" height=\"801\" srcset=\"https:\/\/quepocamadre.com\/wp-content\/uploads\/2025\/07\/FATAL-ACCIDENTE-EN-ZACATECAS-3.jpg 1200w, https:\/\/quepocamadre.com\/wp-content\/uploads\/2025\/07\/FATAL-ACCIDENTE-EN-ZACATECAS-3-300x200.jpg 300w, https:\/\/quepocamadre.com\/wp-content\/uploads\/2025\/07\/FATAL-ACCIDENTE-EN-ZACATECAS-3-1024x684.jpg 1024w, https:\/\/quepocamadre.com\/wp-content\/uploads\/2025\/07\/FATAL-ACCIDENTE-EN-ZACATECAS-3-768x513.jpg 768w\" sizes=\"(max-width: 1200px) 100vw, 1200px\" \/><\/a><\/p>\n","protected":false},"excerpt":{"rendered":"<p>Una tragedia sacudi\u00f3 la carretera federal 45, en el tramo Sombrerete-Fresnillo, Zacatecas, la noche del lunes 30 de junio, cuando una camioneta tipo panel de transporte de pasajeros y un tractocami\u00f3n colisionaron de frente, dejando como saldo ocho personas fallecidas y dos m\u00e1s gravemente heridas. El accidente ocurri\u00f3 a la altura del entronque con la [&hellip;]<\/p>\n","protected":false},"author":1,"featured_media":51350,"comment_status":"open","ping_status":"open","sticky":false,"template":"","format":"standard","meta":{"footnotes":""},"categories":[124,176],"tags":[],"class_list":["post-51344","post","type-post","status-publish","format-standard","has-post-thumbnail","hentry","category-nacional","category-zacatecas"],"_links":{"self":[{"href":"https:\/\/quepocamadre.com\/index.php?rest_route=\/wp\/v2\/posts\/51344","targetHints":{"allow":["GET"]}}],"collection":[{"href":"https:\/\/quepocamadre.com\/index.php?rest_route=\/wp\/v2\/posts"}],"about":[{"href":"https:\/\/quepocamadre.com\/index.php?rest_route=\/wp\/v2\/types\/post"}],"author":[{"embeddable":true,"href":"https:\/\/quepocamadre.com\/index.php?rest_route=\/wp\/v2\/users\/1"}],"replies":[{"embeddable":true,"href":"https:\/\/quepocamadre.com\/index.php?rest_route=%2Fwp%2Fv2%2Fcomments&post=51344"}],"version-history":[{"count":1,"href":"https:\/\/quepocamadre.com\/index.php?rest_route=\/wp\/v2\/posts\/51344\/revisions"}],"predecessor-version":[{"id":51351,"href":"https:\/\/quepocamadre.com\/index.php?rest_route=\/wp\/v2\/posts\/51344\/revisions\/51351"}],"wp:featuredmedia":[{"embeddable":true,"href":"https:\/\/quepocamadre.com\/index.php?rest_route=\/wp\/v2\/media\/51350"}],"wp:attachment":[{"href":"https:\/\/quepocamadre.com\/index.php?rest_route=%2Fwp%2Fv2%2Fmedia&parent=51344"}],"wp:term":[{"taxonomy":"category","embeddable":true,"href":"https:\/\/quepocamadre.com\/index.php?rest_route=%2Fwp%2Fv2%2Fcategories&post=51344"},{"taxonomy":"post_tag","embeddable":true,"href":"https:\/\/quepocamadre.com\/index.php?rest_route=%2Fwp%2Fv2%2Ftags&post=51344"}],"curies":[{"name":"wp","href":"https:\/\/api.w.org\/{rel}","templated":true}]}}