{"id":51061,"date":"2025-06-25T08:04:28","date_gmt":"2025-06-25T14:04:28","guid":{"rendered":"https:\/\/quepocamadre.com\/?p=51061"},"modified":"2025-06-25T08:04:28","modified_gmt":"2025-06-25T14:04:28","slug":"terrorifico-mato-a-su-madre-y-la-paseaba-muerta-en-las-calles","status":"publish","type":"post","link":"https:\/\/quepocamadre.com\/?p=51061","title":{"rendered":"\u00a1TERROR\u00cdFICO! MAT\u00d3 A SU MADRE Y LA PASEABA MUERTA EN LAS CALLES"},"content":{"rendered":"<p>Javier no era un buen hijo, eso lo sab\u00edan las vecinas de do\u00f1a Juanita, a quienes se les hizo raro que el hombre de 48 a\u00f1os la sacara a pasear en su silla de ruedas por calles de la colonia San Jos\u00e9 Ticom\u00e1n, en la Gustavo A. Madero, CDMX<\/p>\n<p>Tras ver que Juanita estaba completamente tapada con una cobija, un grupo de mujeres llam\u00f3 a la polic\u00eda para que lo interceptaran, los elementos se acercaron y al notar el nerviosismo y negatividad del hijo, procedieron a inspeccionar.<\/p>\n<p>Debido a que el cuerpo de la madre presentaba diversos golpes en el rostro y diversas partes del cuerpo, no qued\u00f3 otra m\u00e1s que aceptar que la hab\u00eda matado.<\/p>\n","protected":false},"excerpt":{"rendered":"<p>Javier no era un buen hijo, eso lo sab\u00edan las vecinas de do\u00f1a Juanita, a quienes se les hizo raro que el hombre de 48 a\u00f1os la sacara a pasear en su silla de ruedas por calles de la colonia San Jos\u00e9 Ticom\u00e1n, en la Gustavo A. Madero, CDMX Tras ver que Juanita estaba completamente [&hellip;]<\/p>\n","protected":false},"author":1,"featured_media":51065,"comment_status":"open","ping_status":"open","sticky":false,"template":"","format":"standard","meta":{"footnotes":""},"categories":[123],"tags":[],"class_list":["post-51061","post","type-post","status-publish","format-standard","has-post-thumbnail","hentry","category-cdmx"],"_links":{"self":[{"href":"https:\/\/quepocamadre.com\/index.php?rest_route=\/wp\/v2\/posts\/51061","targetHints":{"allow":["GET"]}}],"collection":[{"href":"https:\/\/quepocamadre.com\/index.php?rest_route=\/wp\/v2\/posts"}],"about":[{"href":"https:\/\/quepocamadre.com\/index.php?rest_route=\/wp\/v2\/types\/post"}],"author":[{"embeddable":true,"href":"https:\/\/quepocamadre.com\/index.php?rest_route=\/wp\/v2\/users\/1"}],"replies":[{"embeddable":true,"href":"https:\/\/quepocamadre.com\/index.php?rest_route=%2Fwp%2Fv2%2Fcomments&post=51061"}],"version-history":[{"count":1,"href":"https:\/\/quepocamadre.com\/index.php?rest_route=\/wp\/v2\/posts\/51061\/revisions"}],"predecessor-version":[{"id":51066,"href":"https:\/\/quepocamadre.com\/index.php?rest_route=\/wp\/v2\/posts\/51061\/revisions\/51066"}],"wp:featuredmedia":[{"embeddable":true,"href":"https:\/\/quepocamadre.com\/index.php?rest_route=\/wp\/v2\/media\/51065"}],"wp:attachment":[{"href":"https:\/\/quepocamadre.com\/index.php?rest_route=%2Fwp%2Fv2%2Fmedia&parent=51061"}],"wp:term":[{"taxonomy":"category","embeddable":true,"href":"https:\/\/quepocamadre.com\/index.php?rest_route=%2Fwp%2Fv2%2Fcategories&post=51061"},{"taxonomy":"post_tag","embeddable":true,"href":"https:\/\/quepocamadre.com\/index.php?rest_route=%2Fwp%2Fv2%2Ftags&post=51061"}],"curies":[{"name":"wp","href":"https:\/\/api.w.org\/{rel}","templated":true}]}}