{"id":50949,"date":"2025-06-23T07:14:21","date_gmt":"2025-06-23T13:14:21","guid":{"rendered":"https:\/\/quepocamadre.com\/?p=50949"},"modified":"2025-06-23T07:14:21","modified_gmt":"2025-06-23T13:14:21","slug":"sentencian-al-angelito-a-35-anos-en-la-sombra-por-asesinar-a-una-mujer-en-atizapan-de-zaragoza","status":"publish","type":"post","link":"https:\/\/quepocamadre.com\/?p=50949","title":{"rendered":"Sentencian al angelito a 35 a\u00f1os en la sombra por asesinar a una mujer en Atizap\u00e1n de Zaragoza"},"content":{"rendered":"<p>Francisco Javier Dionicio Santos, fue sentenciado a 35 a\u00f1os de prisi\u00f3n por homicidio calificado, cometido el pasado 13 de diciembre en el municipio de Atizap\u00e1n de Zaragoza. La Autoridad Judicial emiti\u00f3 esta condena contra el implicado quien se encuentra interno en el Centro Penitenciario y de Reinserci\u00f3n Social de Tlalnepantla, &#8220;Lic. Juan Fern\u00e1ndez Albarr\u00e1n&#8221;, donde compurgar\u00e1 su sentencia.<\/p>\n<p>Francisco Javier Dionicio Santos fue encontrado responsable por haber asesinado a una mujer de 65 el 13 de diciembre de 2024, cuando la agredi\u00f3 con un objeto punzocortante, la mujer era su vecina, y que viv\u00eda en la calle A, de la colonia San Mart\u00edn de Porres, en el municipio de Atizap\u00e1n de Zaragoza.<\/p>\n<p>Los vecinos del lugar solicitaron ayuda a la Polic\u00eda Municipal, quienes lograron la captura de este individuo al momento en que pretend\u00eda huir, por lo que fue presentado ante el Agente del Ministerio P\u00fablico, quien inici\u00f3 la investigaci\u00f3n correspondiente por este hecho delictivo. Posteriormente, fue ingresado al Penal de Tlalnepantla, a disposici\u00f3n de un Juez.<\/p>\n<p>&nbsp;<\/p>\n","protected":false},"excerpt":{"rendered":"<p>Francisco Javier Dionicio Santos, fue sentenciado a 35 a\u00f1os de prisi\u00f3n por homicidio calificado, cometido el pasado 13 de diciembre en el municipio de Atizap\u00e1n de Zaragoza. La Autoridad Judicial emiti\u00f3 esta condena contra el implicado quien se encuentra interno en el Centro Penitenciario y de Reinserci\u00f3n Social de Tlalnepantla, &#8220;Lic. Juan Fern\u00e1ndez Albarr\u00e1n&#8221;, donde [&hellip;]<\/p>\n","protected":false},"author":1,"featured_media":50953,"comment_status":"open","ping_status":"open","sticky":false,"template":"","format":"standard","meta":{"footnotes":""},"categories":[248,102],"tags":[],"class_list":["post-50949","post","type-post","status-publish","format-standard","has-post-thumbnail","hentry","category-atizapan-de-zaragoza","category-edomex"],"_links":{"self":[{"href":"https:\/\/quepocamadre.com\/index.php?rest_route=\/wp\/v2\/posts\/50949","targetHints":{"allow":["GET"]}}],"collection":[{"href":"https:\/\/quepocamadre.com\/index.php?rest_route=\/wp\/v2\/posts"}],"about":[{"href":"https:\/\/quepocamadre.com\/index.php?rest_route=\/wp\/v2\/types\/post"}],"author":[{"embeddable":true,"href":"https:\/\/quepocamadre.com\/index.php?rest_route=\/wp\/v2\/users\/1"}],"replies":[{"embeddable":true,"href":"https:\/\/quepocamadre.com\/index.php?rest_route=%2Fwp%2Fv2%2Fcomments&post=50949"}],"version-history":[{"count":1,"href":"https:\/\/quepocamadre.com\/index.php?rest_route=\/wp\/v2\/posts\/50949\/revisions"}],"predecessor-version":[{"id":50954,"href":"https:\/\/quepocamadre.com\/index.php?rest_route=\/wp\/v2\/posts\/50949\/revisions\/50954"}],"wp:featuredmedia":[{"embeddable":true,"href":"https:\/\/quepocamadre.com\/index.php?rest_route=\/wp\/v2\/media\/50953"}],"wp:attachment":[{"href":"https:\/\/quepocamadre.com\/index.php?rest_route=%2Fwp%2Fv2%2Fmedia&parent=50949"}],"wp:term":[{"taxonomy":"category","embeddable":true,"href":"https:\/\/quepocamadre.com\/index.php?rest_route=%2Fwp%2Fv2%2Fcategories&post=50949"},{"taxonomy":"post_tag","embeddable":true,"href":"https:\/\/quepocamadre.com\/index.php?rest_route=%2Fwp%2Fv2%2Ftags&post=50949"}],"curies":[{"name":"wp","href":"https:\/\/api.w.org\/{rel}","templated":true}]}}