{"id":50577,"date":"2025-06-16T09:08:05","date_gmt":"2025-06-16T15:08:05","guid":{"rendered":"https:\/\/quepocamadre.com\/?p=50577"},"modified":"2025-06-16T09:08:05","modified_gmt":"2025-06-16T15:08:05","slug":"va-de-nuez-explota-taller-de-pirotecnia-en-tultepec","status":"publish","type":"post","link":"https:\/\/quepocamadre.com\/?p=50577","title":{"rendered":"\u00a1VA DE NUEZ! EXPLOTA TALLER DE PIROTECNIA EN TULTEPEC"},"content":{"rendered":"<p>Se registr\u00f3 una explosi\u00f3n en un domicilio de la comunidad de Santa Isabel, en el municipio de Tultepec. De acuerdo al reporte de los oficiales, se tiene reportados un muerto y cuatro personas lesionadas por la explosi\u00f3n en un taller en donde de manera clandestina se fabricaba y almacenaba jugueter\u00eda a base de p\u00f3lvora.<\/p>\n<p>Hasta el sitio del siniestro arrib\u00f3 personal de Protecci\u00f3n Civil y Bomberos (PCyB) del municipio y estatales, quienes de inmediato comenzaron a laborar, ya que tambi\u00e9n se resguard\u00f3 un incendio.<\/p>\n<p>&nbsp;<\/p>\n","protected":false},"excerpt":{"rendered":"<p>Se registr\u00f3 una explosi\u00f3n en un domicilio de la comunidad de Santa Isabel, en el municipio de Tultepec. De acuerdo al reporte de los oficiales, se tiene reportados un muerto y cuatro personas lesionadas por la explosi\u00f3n en un taller en donde de manera clandestina se fabricaba y almacenaba jugueter\u00eda a base de p\u00f3lvora. Hasta [&hellip;]<\/p>\n","protected":false},"author":1,"featured_media":50581,"comment_status":"open","ping_status":"open","sticky":false,"template":"","format":"standard","meta":{"footnotes":""},"categories":[102,252],"tags":[],"class_list":["post-50577","post","type-post","status-publish","format-standard","has-post-thumbnail","hentry","category-edomex","category-tultepec"],"_links":{"self":[{"href":"https:\/\/quepocamadre.com\/index.php?rest_route=\/wp\/v2\/posts\/50577","targetHints":{"allow":["GET"]}}],"collection":[{"href":"https:\/\/quepocamadre.com\/index.php?rest_route=\/wp\/v2\/posts"}],"about":[{"href":"https:\/\/quepocamadre.com\/index.php?rest_route=\/wp\/v2\/types\/post"}],"author":[{"embeddable":true,"href":"https:\/\/quepocamadre.com\/index.php?rest_route=\/wp\/v2\/users\/1"}],"replies":[{"embeddable":true,"href":"https:\/\/quepocamadre.com\/index.php?rest_route=%2Fwp%2Fv2%2Fcomments&post=50577"}],"version-history":[{"count":1,"href":"https:\/\/quepocamadre.com\/index.php?rest_route=\/wp\/v2\/posts\/50577\/revisions"}],"predecessor-version":[{"id":50582,"href":"https:\/\/quepocamadre.com\/index.php?rest_route=\/wp\/v2\/posts\/50577\/revisions\/50582"}],"wp:featuredmedia":[{"embeddable":true,"href":"https:\/\/quepocamadre.com\/index.php?rest_route=\/wp\/v2\/media\/50581"}],"wp:attachment":[{"href":"https:\/\/quepocamadre.com\/index.php?rest_route=%2Fwp%2Fv2%2Fmedia&parent=50577"}],"wp:term":[{"taxonomy":"category","embeddable":true,"href":"https:\/\/quepocamadre.com\/index.php?rest_route=%2Fwp%2Fv2%2Fcategories&post=50577"},{"taxonomy":"post_tag","embeddable":true,"href":"https:\/\/quepocamadre.com\/index.php?rest_route=%2Fwp%2Fv2%2Ftags&post=50577"}],"curies":[{"name":"wp","href":"https:\/\/api.w.org\/{rel}","templated":true}]}}