{"id":50490,"date":"2025-06-12T08:08:36","date_gmt":"2025-06-12T14:08:36","guid":{"rendered":"https:\/\/quepocamadre.com\/?p=50490"},"modified":"2025-06-12T08:08:36","modified_gmt":"2025-06-12T14:08:36","slug":"edomex-con-la-gober-es-el-primer-lugar-en-generacion-de-nuevos-empleos","status":"publish","type":"post","link":"https:\/\/quepocamadre.com\/?p=50490","title":{"rendered":"Edom\u00e9x con la Gober es el primer lugar en generaci\u00f3n de nuevos empleos"},"content":{"rendered":"<blockquote><p>-Tan solo este a\u00f1o se han empleado a m\u00e1s de 37 mil mexiquenses, de acuerdo con el IMSS.<\/p><\/blockquote>\n<p>El Estado de M\u00e9xico se mantiene en el primer lugar en generaci\u00f3n de empleos formales reportados ante el Instituto Mexicano del Seguro Social (IMSS), con un acumulado de 133 mil 270 puestos de trabajo, de septiembre 2023 a mayo 2025, lo que representa el 35.5 por ciento del total nacional.<\/p>\n<p>Durante este a\u00f1o en el pa\u00eds se han creado 133 mil 665 empleos formales, de los cuales, 37 mil 022 corresponden al Estado de M\u00e9xico, es decir, 27.7 por ciento; registrando una tasa de crecimiento de dos por ciento, cifra tres veces mayor al promedio nacional que fue de 0.6 por ciento.<\/p>\n<p>Los 37 mil puestos laborales mantienen al Estado de M\u00e9xico en el primer lugar en generaci\u00f3n de empleo y dentro de la lista de las 21 entidades que lograron registrar crecimiento durante este a\u00f1o, entre ellas: Nuevo Le\u00f3n con 26 mil 874 nuevos empleos, en el tercer lugar Jalisco con 18 mil 726, Quintana Roo con 14 mil 612 y en quinto lugar Baja California que registr\u00f3 13 mil 283. El resto de las entidades registraron p\u00e9rdidas laborales.<\/p>\n<p><a href=\"https:\/\/quepocamadre.com\/wp-content\/uploads\/2025\/06\/7edomex-3.jpg\"><img fetchpriority=\"high\" decoding=\"async\" class=\"aligncenter size-full wp-image-50495\" src=\"https:\/\/quepocamadre.com\/wp-content\/uploads\/2025\/06\/7edomex-3.jpg\" alt=\"\" width=\"1200\" height=\"801\" srcset=\"https:\/\/quepocamadre.com\/wp-content\/uploads\/2025\/06\/7edomex-3.jpg 1200w, https:\/\/quepocamadre.com\/wp-content\/uploads\/2025\/06\/7edomex-3-300x200.jpg 300w, https:\/\/quepocamadre.com\/wp-content\/uploads\/2025\/06\/7edomex-3-1024x684.jpg 1024w, https:\/\/quepocamadre.com\/wp-content\/uploads\/2025\/06\/7edomex-3-768x513.jpg 768w\" sizes=\"(max-width: 1200px) 100vw, 1200px\" \/><\/a><\/p>\n<p>Estos nuevos empleos equivalen tambi\u00e9n a m\u00e1s de la poblaci\u00f3n ocupada en el municipio de Ocoyoacac que es de 36 mil 246 personas, m\u00e1s de la de Villa Guerrero con 36 mil 016, o m\u00e1s que la de Acambay que cuenta con 35 mil 333 personas ocupadas.<\/p>\n<p>Este avance ha sido posible gracias a una estrategia econ\u00f3mica, que combina el fortalecimiento del mercado interno, acompa\u00f1amiento constante a las empresas y el impulso a la inversi\u00f3n, mismo que ha permitido lograr m\u00e1s de 8 mil 900 millones de d\u00f3lares en inversi\u00f3n extranjera y m\u00e1s de 121 mil millones de pesos en inversi\u00f3n nacional al mes de abril.<\/p>\n<p>Desde la Secretar\u00eda de Desarrollo Econ\u00f3mico (Sedeco) a cargo de Laura Gonz\u00e1lez Hern\u00e1ndez, se han implementado diversas acciones enfocadas en fortalecer las cadenas de valor locales y facilitar el acceso al financiamiento, especialmente para las micro, peque\u00f1as y medianas empresas.<\/p>\n<p>Estos resultados reflejan el esfuerzo coordinado entre el Gobierno estatal, el sector empresarial y acad\u00e9mico. Cada empleo formal representa estabilidad, acceso a seguridad social y mejores condiciones de vida, adem\u00e1s, confirma la confianza que existe en la entidad como un lugar para invertir, producir y trabajar.<\/p>\n<p><a href=\"https:\/\/quepocamadre.com\/wp-content\/uploads\/2025\/06\/7edomex-2.jpg\"><img decoding=\"async\" class=\"aligncenter size-full wp-image-50496\" src=\"https:\/\/quepocamadre.com\/wp-content\/uploads\/2025\/06\/7edomex-2.jpg\" alt=\"\" width=\"1200\" height=\"801\" srcset=\"https:\/\/quepocamadre.com\/wp-content\/uploads\/2025\/06\/7edomex-2.jpg 1200w, https:\/\/quepocamadre.com\/wp-content\/uploads\/2025\/06\/7edomex-2-300x200.jpg 300w, https:\/\/quepocamadre.com\/wp-content\/uploads\/2025\/06\/7edomex-2-1024x684.jpg 1024w, https:\/\/quepocamadre.com\/wp-content\/uploads\/2025\/06\/7edomex-2-768x513.jpg 768w\" sizes=\"(max-width: 1200px) 100vw, 1200px\" \/><\/a><\/p>\n","protected":false},"excerpt":{"rendered":"<p>-Tan solo este a\u00f1o se han empleado a m\u00e1s de 37 mil mexiquenses, de acuerdo con el IMSS. El Estado de M\u00e9xico se mantiene en el primer lugar en generaci\u00f3n de empleos formales reportados ante el Instituto Mexicano del Seguro Social (IMSS), con un acumulado de 133 mil 270 puestos de trabajo, de septiembre 2023 [&hellip;]<\/p>\n","protected":false},"author":1,"featured_media":50494,"comment_status":"open","ping_status":"open","sticky":false,"template":"","format":"standard","meta":{"footnotes":""},"categories":[102],"tags":[],"class_list":["post-50490","post","type-post","status-publish","format-standard","has-post-thumbnail","hentry","category-edomex"],"_links":{"self":[{"href":"https:\/\/quepocamadre.com\/index.php?rest_route=\/wp\/v2\/posts\/50490","targetHints":{"allow":["GET"]}}],"collection":[{"href":"https:\/\/quepocamadre.com\/index.php?rest_route=\/wp\/v2\/posts"}],"about":[{"href":"https:\/\/quepocamadre.com\/index.php?rest_route=\/wp\/v2\/types\/post"}],"author":[{"embeddable":true,"href":"https:\/\/quepocamadre.com\/index.php?rest_route=\/wp\/v2\/users\/1"}],"replies":[{"embeddable":true,"href":"https:\/\/quepocamadre.com\/index.php?rest_route=%2Fwp%2Fv2%2Fcomments&post=50490"}],"version-history":[{"count":1,"href":"https:\/\/quepocamadre.com\/index.php?rest_route=\/wp\/v2\/posts\/50490\/revisions"}],"predecessor-version":[{"id":50497,"href":"https:\/\/quepocamadre.com\/index.php?rest_route=\/wp\/v2\/posts\/50490\/revisions\/50497"}],"wp:featuredmedia":[{"embeddable":true,"href":"https:\/\/quepocamadre.com\/index.php?rest_route=\/wp\/v2\/media\/50494"}],"wp:attachment":[{"href":"https:\/\/quepocamadre.com\/index.php?rest_route=%2Fwp%2Fv2%2Fmedia&parent=50490"}],"wp:term":[{"taxonomy":"category","embeddable":true,"href":"https:\/\/quepocamadre.com\/index.php?rest_route=%2Fwp%2Fv2%2Fcategories&post=50490"},{"taxonomy":"post_tag","embeddable":true,"href":"https:\/\/quepocamadre.com\/index.php?rest_route=%2Fwp%2Fv2%2Ftags&post=50490"}],"curies":[{"name":"wp","href":"https:\/\/api.w.org\/{rel}","templated":true}]}}