{"id":50389,"date":"2025-06-10T12:55:30","date_gmt":"2025-06-10T18:55:30","guid":{"rendered":"https:\/\/quepocamadre.com\/?p=50389"},"modified":"2025-06-10T12:55:30","modified_gmt":"2025-06-10T18:55:30","slug":"michelin-le-pone-freno-a-su-planta-en-queretaro-cerrara-fabrica-este-2025","status":"publish","type":"post","link":"https:\/\/quepocamadre.com\/?p=50389","title":{"rendered":"\u00a1MICHELIN LE PONE FRENO A SU PLANTA EN QUER\u00c9TARO! CERRAR\u00c1 F\u00c1BRICA ESTE 2025"},"content":{"rendered":"<p>La empresa Michelin anunci\u00f3 que comenzar\u00e1 a reducir paulatinamente la producci\u00f3n de llantas en su planta de #Quer\u00e9taro, con miras a cerrarla definitivamente a finales de 2025.<br \/>\nLa llantera francesa afirm\u00f3 que esta decisi\u00f3n fue tomada como un \u201c\u00faltimo recurso\u201d, ante los cambios en el mercado de llantas para autom\u00f3viles de pasajeros y camionetas ligeras. Tambi\u00e9n prometieron que apoyar\u00e1n a cada empleado durante esta transici\u00f3n, pero eso no quita la incertidumbre que ya se siente entre los trabajadores.<br \/>\nAnte el revuelo, el titular de la Secretar\u00eda de Econom\u00eda, Marcelo Ebrard, sali\u00f3 a aclarar que esto no significa que Michelin se va de #M\u00e9xico, sino que la operaci\u00f3n se concentrar\u00e1 en su planta de #Le\u00f3n, #Guanajuato, donde, seg\u00fan dijeron, se fabrican las llantas m\u00e1s adecuadas para el mercado nacional actual.<\/p>\n<div style=\"width: 800px;\" class=\"wp-video\"><!--[if lt IE 9]><script>document.createElement('video');<\/script><![endif]-->\n<video class=\"wp-video-shortcode\" id=\"video-50389-1\" width=\"800\" height=\"453\" preload=\"metadata\" controls=\"controls\"><source type=\"video\/mp4\" src=\"https:\/\/quepocamadre.com\/wp-content\/uploads\/2025\/06\/Video-de-WhatsApp-2025-06-10-a-las-12.09.10_bd14d98f.mp4?_=1\" \/><a href=\"https:\/\/quepocamadre.com\/wp-content\/uploads\/2025\/06\/Video-de-WhatsApp-2025-06-10-a-las-12.09.10_bd14d98f.mp4\">https:\/\/quepocamadre.com\/wp-content\/uploads\/2025\/06\/Video-de-WhatsApp-2025-06-10-a-las-12.09.10_bd14d98f.mp4<\/a><\/video><\/div>\n","protected":false},"excerpt":{"rendered":"<p>La empresa Michelin anunci\u00f3 que comenzar\u00e1 a reducir paulatinamente la producci\u00f3n de llantas en su planta de #Quer\u00e9taro, con miras a cerrarla definitivamente a finales de 2025. La llantera francesa afirm\u00f3 que esta decisi\u00f3n fue tomada como un \u201c\u00faltimo recurso\u201d, ante los cambios en el mercado de llantas para autom\u00f3viles de pasajeros y camionetas ligeras. [&hellip;]<\/p>\n","protected":false},"author":12,"featured_media":50391,"comment_status":"open","ping_status":"open","sticky":false,"template":"","format":"standard","meta":{"footnotes":""},"categories":[179],"tags":[],"class_list":["post-50389","post","type-post","status-publish","format-standard","has-post-thumbnail","hentry","category-qr"],"_links":{"self":[{"href":"https:\/\/quepocamadre.com\/index.php?rest_route=\/wp\/v2\/posts\/50389","targetHints":{"allow":["GET"]}}],"collection":[{"href":"https:\/\/quepocamadre.com\/index.php?rest_route=\/wp\/v2\/posts"}],"about":[{"href":"https:\/\/quepocamadre.com\/index.php?rest_route=\/wp\/v2\/types\/post"}],"author":[{"embeddable":true,"href":"https:\/\/quepocamadre.com\/index.php?rest_route=\/wp\/v2\/users\/12"}],"replies":[{"embeddable":true,"href":"https:\/\/quepocamadre.com\/index.php?rest_route=%2Fwp%2Fv2%2Fcomments&post=50389"}],"version-history":[{"count":1,"href":"https:\/\/quepocamadre.com\/index.php?rest_route=\/wp\/v2\/posts\/50389\/revisions"}],"predecessor-version":[{"id":50392,"href":"https:\/\/quepocamadre.com\/index.php?rest_route=\/wp\/v2\/posts\/50389\/revisions\/50392"}],"wp:featuredmedia":[{"embeddable":true,"href":"https:\/\/quepocamadre.com\/index.php?rest_route=\/wp\/v2\/media\/50391"}],"wp:attachment":[{"href":"https:\/\/quepocamadre.com\/index.php?rest_route=%2Fwp%2Fv2%2Fmedia&parent=50389"}],"wp:term":[{"taxonomy":"category","embeddable":true,"href":"https:\/\/quepocamadre.com\/index.php?rest_route=%2Fwp%2Fv2%2Fcategories&post=50389"},{"taxonomy":"post_tag","embeddable":true,"href":"https:\/\/quepocamadre.com\/index.php?rest_route=%2Fwp%2Fv2%2Ftags&post=50389"}],"curies":[{"name":"wp","href":"https:\/\/api.w.org\/{rel}","templated":true}]}}