{"id":50317,"date":"2025-06-09T09:16:07","date_gmt":"2025-06-09T15:16:07","guid":{"rendered":"https:\/\/quepocamadre.com\/?p=50317"},"modified":"2025-06-09T09:16:07","modified_gmt":"2025-06-09T15:16:07","slug":"andy-lopez-se-hace-la-vistima-y-lo-tunden-en-redes-sociales","status":"publish","type":"post","link":"https:\/\/quepocamadre.com\/?p=50317","title":{"rendered":"ANDY L\u00d3PEZ SE HACE LA \u201cV\u00cdSTIMA\u201d Y LO TUNDEN EN REDES SOCIALES"},"content":{"rendered":"<blockquote><p>L\u00f3pez Beltr\u00e1n reitera su nombre completo y pide que dejen de llamarlo con diminutivos.<\/p><\/blockquote>\n<p>Durante el podcast que conduce Luisa Mar\u00eda Alcalde, Andr\u00e9s Manuel L\u00f3pez Beltr\u00e1n, hijo del expresidente Andr\u00e9s Manuel L\u00f3pez Obrador, pidi\u00f3 a los medios de comunicaci\u00f3n que dejen de llamarlo &#8220;Andy&#8221;.<\/p>\n<p>Este apodo gan\u00f3 mucha popularidad antes de decidir involucrarse en la pol\u00edtica. L\u00f3pez Beltr\u00e1n es el secretario de Organizaci\u00f3n de Morena y fue el operador del partido en Durango durante el proceso electoral para definir presidencias municipales, el cual fue se\u00f1alado como &#8220;desafortunado&#8221;.<\/p>\n<p>Mientras platicaba con Alcalde se\u00f1al\u00f3: \u201cNo salgo a medios y no respondo porque creo que los medios est\u00e1n muy quemados. Los medios han perdido mucha credibilidad. Pero aprovecho estar aqu\u00ed para decirles, yo me llam\u00f3 Andr\u00e9s Manuel L\u00f3pez Beltr\u00e1n y mi m\u00e1s grande orgullo es llamarme como el mejor presidente que ha tenido este pa\u00eds, el llamarme &#8220;Andy&#8221; es demeritar eso, quitarme ese legado, quitarme ese nombre&#8221;, dijo<\/p>\n<p>Tras la emisi\u00f3n del podcast el dirigente nacional del PRI, Alejandro Moreno, respondi\u00f3 al comentario que hizo L\u00f3pez Beltr\u00e1n; asegurando que nadie lo va a seguir por qui\u00e9n es, sino por su apellido, pues \u201cno tiene historia ni respeto\u201d.<\/p>\n<p>\u201cAndy, Andy, Andy. No te creas el importante. Eres un junior sin calle, sin historia, sin respeto. Nadie te sigue por lo que eres, solo por el apellido que usas como escudo y herencia, Y para colmo, saliste peor que tu pap\u00e1. T\u00fa ni con todo el poder, ni con todo el dinero, ni con todo el aparato que te pusieron, logras operar nada. Eres un cero a la izquierda con cargo.<\/p>\n<p>No entiendes al pa\u00eds, no das la cara, no tienes con qu\u00e9 pararte frente al pueblo. No inspiras nada. Aqu\u00ed no se juega a la pol\u00edtica, aqu\u00ed se lucha, se trabaja y se da la cara. Y t\u00fa no tienes ni con qu\u00e9 empezar&#8221;.<\/p>\n<p><a href=\"https:\/\/quepocamadre.com\/wp-content\/uploads\/2025\/06\/andy.jpg\"><img fetchpriority=\"high\" decoding=\"async\" class=\"aligncenter size-full wp-image-50321\" src=\"https:\/\/quepocamadre.com\/wp-content\/uploads\/2025\/06\/andy.jpg\" alt=\"\" width=\"1200\" height=\"801\" srcset=\"https:\/\/quepocamadre.com\/wp-content\/uploads\/2025\/06\/andy.jpg 1200w, https:\/\/quepocamadre.com\/wp-content\/uploads\/2025\/06\/andy-300x200.jpg 300w, https:\/\/quepocamadre.com\/wp-content\/uploads\/2025\/06\/andy-1024x684.jpg 1024w, https:\/\/quepocamadre.com\/wp-content\/uploads\/2025\/06\/andy-768x513.jpg 768w\" sizes=\"(max-width: 1200px) 100vw, 1200px\" \/><\/a><\/p>\n<p>Pero la historia no termino aqu\u00ed, pues Ricardo Monreal sali\u00f3 a defender a L\u00f3pez Beltr\u00e1n, se\u00f1alando que ha sifo v\u00edctima de violencia vicaria, al burlarse de \u00e9l por pedir en el podcast &#8220;La Moreniza&#8221; que no le llamen &#8220;Andy&#8221;. .<\/p>\n<p>Y en redes sociales Monreal publico una carta en s\u00ed defensa: \u201cLa violencia vicaria es la m\u00e1s cruel y despiadada de todas las formas de violencia contra una persona, porque busca causar un da\u00f1o f\u00edsico y emocional irreparables a sus v\u00edctimas a trav\u00e9s de terceras personas inocentes\u201d. \u201cAs\u00ed es la violencia vicaria\u201d,<\/p>\n<p>Se\u00f1al\u00f3 que los ataques y cuestionamientos que en estos d\u00edas se est\u00e1n ejerciendo contra Andr\u00e9s Manuel L\u00f3pez Beltr\u00e1n, Secretario de Organizaci\u00f3n de MORENA, por los supuestos \u201cmalos resultados\u201d en la elecci\u00f3n judicial y en los comicios locales concurrentes en Durango y Veracruz, en realidad son el pretexto circunstancial que la oposici\u00f3n anti-4T ha encontrado para atacar a Andr\u00e9s Manuel L\u00f3pez Obrador.<\/p>\n<p>Al viralizarse la publicaci\u00f3n y declaraciones de Monreal, la colectiva, Frente Nacional Mujeres, public\u00f3 su propio texto en el que con profunda preocupaci\u00f3n rechazan la comparativa lanzada por el diputado, criticando que es una ofensa para todas las mujeres v\u00edctimas en M\u00e9xico de violencia vicaria.<\/p>\n<p>Seg\u00fan denuncian, hacer una comparativa de la cr\u00edtica pol\u00edtica a una figura p\u00fablica con este tipo de violencia, es un desatino concept\u00faa\u201d. No es solo una cuesti\u00f3n de precisi\u00f3n sem\u00e1ntica: es una cuesti\u00f3n de respeto a los derechos humanos.<\/p>\n<p>Llamar \u201cviolencia vicaria\u201d a los cuestionamientos hacia el hijo del expresidente AMLO, ser\u00eda, en palabras de la colectiva, una reducci\u00f3n de una tragedia social, a una simple met\u00e1fora.<\/p>\n","protected":false},"excerpt":{"rendered":"<p>L\u00f3pez Beltr\u00e1n reitera su nombre completo y pide que dejen de llamarlo con diminutivos. Durante el podcast que conduce Luisa Mar\u00eda Alcalde, Andr\u00e9s Manuel L\u00f3pez Beltr\u00e1n, hijo del expresidente Andr\u00e9s Manuel L\u00f3pez Obrador, pidi\u00f3 a los medios de comunicaci\u00f3n que dejen de llamarlo &#8220;Andy&#8221;. Este apodo gan\u00f3 mucha popularidad antes de decidir involucrarse en la [&hellip;]<\/p>\n","protected":false},"author":1,"featured_media":50322,"comment_status":"open","ping_status":"open","sticky":false,"template":"","format":"standard","meta":{"footnotes":""},"categories":[124,274],"tags":[],"class_list":["post-50317","post","type-post","status-publish","format-standard","has-post-thumbnail","hentry","category-nacional","category-portada"],"_links":{"self":[{"href":"https:\/\/quepocamadre.com\/index.php?rest_route=\/wp\/v2\/posts\/50317","targetHints":{"allow":["GET"]}}],"collection":[{"href":"https:\/\/quepocamadre.com\/index.php?rest_route=\/wp\/v2\/posts"}],"about":[{"href":"https:\/\/quepocamadre.com\/index.php?rest_route=\/wp\/v2\/types\/post"}],"author":[{"embeddable":true,"href":"https:\/\/quepocamadre.com\/index.php?rest_route=\/wp\/v2\/users\/1"}],"replies":[{"embeddable":true,"href":"https:\/\/quepocamadre.com\/index.php?rest_route=%2Fwp%2Fv2%2Fcomments&post=50317"}],"version-history":[{"count":1,"href":"https:\/\/quepocamadre.com\/index.php?rest_route=\/wp\/v2\/posts\/50317\/revisions"}],"predecessor-version":[{"id":50323,"href":"https:\/\/quepocamadre.com\/index.php?rest_route=\/wp\/v2\/posts\/50317\/revisions\/50323"}],"wp:featuredmedia":[{"embeddable":true,"href":"https:\/\/quepocamadre.com\/index.php?rest_route=\/wp\/v2\/media\/50322"}],"wp:attachment":[{"href":"https:\/\/quepocamadre.com\/index.php?rest_route=%2Fwp%2Fv2%2Fmedia&parent=50317"}],"wp:term":[{"taxonomy":"category","embeddable":true,"href":"https:\/\/quepocamadre.com\/index.php?rest_route=%2Fwp%2Fv2%2Fcategories&post=50317"},{"taxonomy":"post_tag","embeddable":true,"href":"https:\/\/quepocamadre.com\/index.php?rest_route=%2Fwp%2Fv2%2Ftags&post=50317"}],"curies":[{"name":"wp","href":"https:\/\/api.w.org\/{rel}","templated":true}]}}