{"id":50193,"date":"2025-06-05T15:56:07","date_gmt":"2025-06-05T21:56:07","guid":{"rendered":"https:\/\/quepocamadre.com\/?p=50193"},"modified":"2025-06-05T15:56:07","modified_gmt":"2025-06-05T21:56:07","slug":"se-lo-llevo-el-tren-hombre-murio-arrollado-en-el-edomex","status":"publish","type":"post","link":"https:\/\/quepocamadre.com\/?p=50193","title":{"rendered":"\u00a1SE LO LLEV\u00d3 EL TREN! HOMBRE MURI\u00d3 ARROLLADO EN EL EDOMEX"},"content":{"rendered":"<p data-start=\"318\" data-end=\"529\">Un hombre perdi\u00f3 la vida de forma tr\u00e1gica luego de ser arrollado por un tren en la comunidad de San Juan Daxthi, municipio de Soyaniquilpan, al norte del Estado de M\u00e9xico. El cuerpo qued\u00f3 debajo de la locomotora, tendido entre los rieles, con ropa a\u00fan puesta: pantal\u00f3n de mezclilla azul, playera negra y una chamarra verde. Hasta el momento, permanece en calidad de desconocido.<\/p>\n<p data-start=\"751\" data-end=\"869\">Param\u00e9dicos llegaron tras una llamada al 911, pero ya era demasiado tarde: el hombre no presentaba signos vitales. Elementos de seguridad estatal y municipal acordonaron el \u00e1rea y dieron aviso al equipo forense, que se encarg\u00f3 del levantamiento del cuerpo.<\/p>\n<p data-start=\"1022\" data-end=\"1243\">En tanto, la Fiscal\u00eda mexiquense, a trav\u00e9s de su sede regional, inici\u00f3 los peritajes para saber si fue un accidente, imprudencia o posible suicidio, adem\u00e1s de buscar a los familiares del fallecido para entregarle el cuerpo.<\/p>\n","protected":false},"excerpt":{"rendered":"<p>Un hombre perdi\u00f3 la vida de forma tr\u00e1gica luego de ser arrollado por un tren en la comunidad de San Juan Daxthi, municipio de Soyaniquilpan, al norte del Estado de M\u00e9xico. El cuerpo qued\u00f3 debajo de la locomotora, tendido entre los rieles, con ropa a\u00fan puesta: pantal\u00f3n de mezclilla azul, playera negra y una chamarra [&hellip;]<\/p>\n","protected":false},"author":12,"featured_media":50194,"comment_status":"open","ping_status":"open","sticky":false,"template":"","format":"standard","meta":{"footnotes":""},"categories":[102,279],"tags":[],"class_list":["post-50193","post","type-post","status-publish","format-standard","has-post-thumbnail","hentry","category-edomex","category-soyaniquilpan"],"_links":{"self":[{"href":"https:\/\/quepocamadre.com\/index.php?rest_route=\/wp\/v2\/posts\/50193","targetHints":{"allow":["GET"]}}],"collection":[{"href":"https:\/\/quepocamadre.com\/index.php?rest_route=\/wp\/v2\/posts"}],"about":[{"href":"https:\/\/quepocamadre.com\/index.php?rest_route=\/wp\/v2\/types\/post"}],"author":[{"embeddable":true,"href":"https:\/\/quepocamadre.com\/index.php?rest_route=\/wp\/v2\/users\/12"}],"replies":[{"embeddable":true,"href":"https:\/\/quepocamadre.com\/index.php?rest_route=%2Fwp%2Fv2%2Fcomments&post=50193"}],"version-history":[{"count":1,"href":"https:\/\/quepocamadre.com\/index.php?rest_route=\/wp\/v2\/posts\/50193\/revisions"}],"predecessor-version":[{"id":50195,"href":"https:\/\/quepocamadre.com\/index.php?rest_route=\/wp\/v2\/posts\/50193\/revisions\/50195"}],"wp:featuredmedia":[{"embeddable":true,"href":"https:\/\/quepocamadre.com\/index.php?rest_route=\/wp\/v2\/media\/50194"}],"wp:attachment":[{"href":"https:\/\/quepocamadre.com\/index.php?rest_route=%2Fwp%2Fv2%2Fmedia&parent=50193"}],"wp:term":[{"taxonomy":"category","embeddable":true,"href":"https:\/\/quepocamadre.com\/index.php?rest_route=%2Fwp%2Fv2%2Fcategories&post=50193"},{"taxonomy":"post_tag","embeddable":true,"href":"https:\/\/quepocamadre.com\/index.php?rest_route=%2Fwp%2Fv2%2Ftags&post=50193"}],"curies":[{"name":"wp","href":"https:\/\/api.w.org\/{rel}","templated":true}]}}