{"id":49718,"date":"2025-05-26T07:43:34","date_gmt":"2025-05-26T13:43:34","guid":{"rendered":"https:\/\/quepocamadre.com\/?p=49718"},"modified":"2025-05-26T07:43:34","modified_gmt":"2025-05-26T13:43:34","slug":"alexis-de-jesus-camacho-pasara-mas-de-100-anos-en-prision-por-secuestrar-a-menor-de-edad","status":"publish","type":"post","link":"https:\/\/quepocamadre.com\/?p=49718","title":{"rendered":"Alexis de Jes\u00fas Camacho pasar\u00e1 m\u00e1s de 100 a\u00f1os en prisi\u00f3n por secuestrar a menor de edad"},"content":{"rendered":"<p>Alexis de Jes\u00fas Camacho Gonz\u00e1lez fue sentenciado a 110 a\u00f1os de prisi\u00f3n por el delito de secuestro agravado contra una adolescente de 15 a\u00f1os, una vez que la FGJEM acredit\u00f3 su responsabilidad en este hecho il\u00edcito.<\/p>\n<p>Las prueba recabadas fueron determinantes para que la Autoridad Judicial con sede en Cuautitl\u00e1n emitiera esta sentencia de condena contra el responsable, tambi\u00e9n le impuso multa de 1 mill\u00f3n 954 mil 260 pesos, la cantidad de 237 mil 768 pesos como reparaci\u00f3n del da\u00f1o y suspendi\u00f3 sus derechos civiles y pol\u00edticos.<\/p>\n<p>La Fiscal\u00eda Edom\u00e9x precis\u00f3 que el 17 de junio de 2024, la v\u00edctima fue privada de la libertad en el municipio de Tultepec, posteriormente la familia de la menor de edad comenz\u00f3 a recibir llamadas telef\u00f3nicas mediante las cuales le informaron que la ten\u00edan secuestrada y le exigieron una fuerte suma econ\u00f3mica a cambio de liberarla.<\/p>\n<p>Los hechos fueron denunciados ante el Agente del Ministerio P\u00fablico, quien inici\u00f3 las investigaciones correspondientes, pudiendo identificar y detener a Alexis de Jes\u00fas Camacho Gonz\u00e1lez, quien al momento de ser capturado ten\u00eda en su poder pertenencias de la v\u00edctima.<\/p>\n<p>El d\u00eda 19 de junio de ese mismo a\u00f1o, lamentablemente fue hallado el cuerpo sin vida de la v\u00edctima en el poblado de San Francisco Tenopalco, en el municipio de Melchor Ocampo.<\/p>\n<p>Por lo que hace al implicado fue ingresado al Centro Penitenciario y de Reinserci\u00f3n Social de Cuautitl\u00e1n a disposici\u00f3n de un Juez, quien, tras proceso legal, le dict\u00f3 esta sentencia de condena.<\/p>\n<p>&nbsp;<\/p>\n","protected":false},"excerpt":{"rendered":"<p>Alexis de Jes\u00fas Camacho Gonz\u00e1lez fue sentenciado a 110 a\u00f1os de prisi\u00f3n por el delito de secuestro agravado contra una adolescente de 15 a\u00f1os, una vez que la FGJEM acredit\u00f3 su responsabilidad en este hecho il\u00edcito. Las prueba recabadas fueron determinantes para que la Autoridad Judicial con sede en Cuautitl\u00e1n emitiera esta sentencia de condena [&hellip;]<\/p>\n","protected":false},"author":1,"featured_media":49722,"comment_status":"open","ping_status":"open","sticky":false,"template":"","format":"standard","meta":{"footnotes":""},"categories":[102,252],"tags":[],"class_list":["post-49718","post","type-post","status-publish","format-standard","has-post-thumbnail","hentry","category-edomex","category-tultepec"],"_links":{"self":[{"href":"https:\/\/quepocamadre.com\/index.php?rest_route=\/wp\/v2\/posts\/49718","targetHints":{"allow":["GET"]}}],"collection":[{"href":"https:\/\/quepocamadre.com\/index.php?rest_route=\/wp\/v2\/posts"}],"about":[{"href":"https:\/\/quepocamadre.com\/index.php?rest_route=\/wp\/v2\/types\/post"}],"author":[{"embeddable":true,"href":"https:\/\/quepocamadre.com\/index.php?rest_route=\/wp\/v2\/users\/1"}],"replies":[{"embeddable":true,"href":"https:\/\/quepocamadre.com\/index.php?rest_route=%2Fwp%2Fv2%2Fcomments&post=49718"}],"version-history":[{"count":1,"href":"https:\/\/quepocamadre.com\/index.php?rest_route=\/wp\/v2\/posts\/49718\/revisions"}],"predecessor-version":[{"id":49723,"href":"https:\/\/quepocamadre.com\/index.php?rest_route=\/wp\/v2\/posts\/49718\/revisions\/49723"}],"wp:featuredmedia":[{"embeddable":true,"href":"https:\/\/quepocamadre.com\/index.php?rest_route=\/wp\/v2\/media\/49722"}],"wp:attachment":[{"href":"https:\/\/quepocamadre.com\/index.php?rest_route=%2Fwp%2Fv2%2Fmedia&parent=49718"}],"wp:term":[{"taxonomy":"category","embeddable":true,"href":"https:\/\/quepocamadre.com\/index.php?rest_route=%2Fwp%2Fv2%2Fcategories&post=49718"},{"taxonomy":"post_tag","embeddable":true,"href":"https:\/\/quepocamadre.com\/index.php?rest_route=%2Fwp%2Fv2%2Ftags&post=49718"}],"curies":[{"name":"wp","href":"https:\/\/api.w.org\/{rel}","templated":true}]}}