{"id":49711,"date":"2025-05-26T07:42:27","date_gmt":"2025-05-26T13:42:27","guid":{"rendered":"https:\/\/quepocamadre.com\/?p=49711"},"modified":"2025-05-26T07:42:27","modified_gmt":"2025-05-26T13:42:27","slug":"perdio-el-control-se-vuelca-pipa-con-diesel-en-circuito-exterior-mexiquense","status":"publish","type":"post","link":"https:\/\/quepocamadre.com\/?p=49711","title":{"rendered":"\u00a1PERDI\u00d3 EL CONTROL! SE VUELCA PIPA CON DI\u00c9SEL EN CIRCUITO EXTERIOR MEXIQUENSE"},"content":{"rendered":"<p>Durante el fin de semana, las autoridades informaron de la volcadura de una pipa en Circuito Exterior Mexiquense, a la altura del municipio de Tultepec. La pipa tipo cisterna la cual volc\u00f3 a la altura del kil\u00f3metro 17 con direcci\u00f3n al AIFA.<\/p>\n<p>De acuerdo con autoridades, el contenedor transporta di\u00e9sel y el incidente se registr\u00f3 debido a que este se zaf\u00f3.<\/p>\n<p>A pesar de lo aparatoso del accidente, no hay personas lesionadas.<\/p>\n<p>&nbsp;<\/p>\n","protected":false},"excerpt":{"rendered":"<p>Durante el fin de semana, las autoridades informaron de la volcadura de una pipa en Circuito Exterior Mexiquense, a la altura del municipio de Tultepec. La pipa tipo cisterna la cual volc\u00f3 a la altura del kil\u00f3metro 17 con direcci\u00f3n al AIFA. De acuerdo con autoridades, el contenedor transporta di\u00e9sel y el incidente se registr\u00f3 [&hellip;]<\/p>\n","protected":false},"author":1,"featured_media":49716,"comment_status":"open","ping_status":"open","sticky":false,"template":"","format":"standard","meta":{"footnotes":""},"categories":[102,252],"tags":[],"class_list":["post-49711","post","type-post","status-publish","format-standard","has-post-thumbnail","hentry","category-edomex","category-tultepec"],"_links":{"self":[{"href":"https:\/\/quepocamadre.com\/index.php?rest_route=\/wp\/v2\/posts\/49711","targetHints":{"allow":["GET"]}}],"collection":[{"href":"https:\/\/quepocamadre.com\/index.php?rest_route=\/wp\/v2\/posts"}],"about":[{"href":"https:\/\/quepocamadre.com\/index.php?rest_route=\/wp\/v2\/types\/post"}],"author":[{"embeddable":true,"href":"https:\/\/quepocamadre.com\/index.php?rest_route=\/wp\/v2\/users\/1"}],"replies":[{"embeddable":true,"href":"https:\/\/quepocamadre.com\/index.php?rest_route=%2Fwp%2Fv2%2Fcomments&post=49711"}],"version-history":[{"count":1,"href":"https:\/\/quepocamadre.com\/index.php?rest_route=\/wp\/v2\/posts\/49711\/revisions"}],"predecessor-version":[{"id":49717,"href":"https:\/\/quepocamadre.com\/index.php?rest_route=\/wp\/v2\/posts\/49711\/revisions\/49717"}],"wp:featuredmedia":[{"embeddable":true,"href":"https:\/\/quepocamadre.com\/index.php?rest_route=\/wp\/v2\/media\/49716"}],"wp:attachment":[{"href":"https:\/\/quepocamadre.com\/index.php?rest_route=%2Fwp%2Fv2%2Fmedia&parent=49711"}],"wp:term":[{"taxonomy":"category","embeddable":true,"href":"https:\/\/quepocamadre.com\/index.php?rest_route=%2Fwp%2Fv2%2Fcategories&post=49711"},{"taxonomy":"post_tag","embeddable":true,"href":"https:\/\/quepocamadre.com\/index.php?rest_route=%2Fwp%2Fv2%2Ftags&post=49711"}],"curies":[{"name":"wp","href":"https:\/\/api.w.org\/{rel}","templated":true}]}}