{"id":49419,"date":"2025-05-19T08:29:36","date_gmt":"2025-05-19T14:29:36","guid":{"rendered":"https:\/\/quepocamadre.com\/?p=49419"},"modified":"2025-05-19T08:29:36","modified_gmt":"2025-05-19T14:29:36","slug":"fueron-condenados-a-50-anos-de-prision-seis-angelitos-que-se-dedicaban-a-secuestrar","status":"publish","type":"post","link":"https:\/\/quepocamadre.com\/?p=49419","title":{"rendered":"Fueron condenados a 50 a\u00f1os de prisi\u00f3n seis &#8220;angelitos&#8221; que se dedicaban a secuestrar"},"content":{"rendered":"<p>Seis sujetos fueron sentenciados a 50 a\u00f1os de prisi\u00f3n, despu\u00e9s de que la FGJEM confirmar\u00e1 su responsabilidad en el delito de secuestro en agravio de un hombre en el municipio de Nicol\u00e1s Romero.<\/p>\n<p>Se trata de Luis Antonio Gonz\u00e1lez Gudi\u00f1o, Emmanuel Garc\u00eda Carballo, Jorge Abel Meneses Anaya, Francisco Javier Santana Zamorano, Marco Antonio Jim\u00e9nez Olalde y Jos\u00e9 \u00c1ngel Blanco Pe\u00f1a, quienes adem\u00e1s deber\u00e1n pagar multa de 434 mil 280 pesos.<\/p>\n<p>Las investigaciones se\u00f1alaron que el 7 de mayo del a\u00f1o 2024, la v\u00edctima tripulaba un veh\u00edculo marca Hyundai, en el municipio de Nicol\u00e1s Romero, donde fue interceptado por tres de los ahora sentenciados, quienes le cerraron el paso, lo que ocasion\u00f3 que detuviera la marcha.<\/p>\n<p>Los sujetos subieron a la v\u00edctima a bordo de un veh\u00edculo diverso, donde privado de la libertad, adem\u00e1s lo obligaron a conducir hasta un inmueble en construcci\u00f3n en donde lo sometieron y ataron; en este lugar se encontraba el resto de los implicados, para despu\u00e9s comunicarse con los familiares de esta persona, a quienes exigieron una suma econ\u00f3mica a cambio de liberarlo.<\/p>\n<p>Elementos de la Fiscal\u00eda Edom\u00e9x y de la SSEM localizaron a la v\u00edctima, adem\u00e1s de detener a los seis implicados, mismos que fueron presentados ante el Agente del Ministerio P\u00fablico, quien inici\u00f3 la investigaci\u00f3n correspondiente por este secuestro.<\/p>\n<p>Los seis detenidos fueron ingresados al Centro Penitenciario y de Reinserci\u00f3n Social Lic. Juan Fern\u00e1ndez Albarr\u00e1n en Tlalnepantla, a disposici\u00f3n de la Autoridad Judicial, quien tras proceso legal, les dict\u00f3 esta condena.<\/p>\n<p>&nbsp;<\/p>\n","protected":false},"excerpt":{"rendered":"<p>Seis sujetos fueron sentenciados a 50 a\u00f1os de prisi\u00f3n, despu\u00e9s de que la FGJEM confirmar\u00e1 su responsabilidad en el delito de secuestro en agravio de un hombre en el municipio de Nicol\u00e1s Romero. Se trata de Luis Antonio Gonz\u00e1lez Gudi\u00f1o, Emmanuel Garc\u00eda Carballo, Jorge Abel Meneses Anaya, Francisco Javier Santana Zamorano, Marco Antonio Jim\u00e9nez Olalde [&hellip;]<\/p>\n","protected":false},"author":1,"featured_media":49423,"comment_status":"open","ping_status":"open","sticky":false,"template":"","format":"standard","meta":{"footnotes":""},"categories":[102,247],"tags":[],"class_list":["post-49419","post","type-post","status-publish","format-standard","has-post-thumbnail","hentry","category-edomex","category-nicolas-romero"],"_links":{"self":[{"href":"https:\/\/quepocamadre.com\/index.php?rest_route=\/wp\/v2\/posts\/49419","targetHints":{"allow":["GET"]}}],"collection":[{"href":"https:\/\/quepocamadre.com\/index.php?rest_route=\/wp\/v2\/posts"}],"about":[{"href":"https:\/\/quepocamadre.com\/index.php?rest_route=\/wp\/v2\/types\/post"}],"author":[{"embeddable":true,"href":"https:\/\/quepocamadre.com\/index.php?rest_route=\/wp\/v2\/users\/1"}],"replies":[{"embeddable":true,"href":"https:\/\/quepocamadre.com\/index.php?rest_route=%2Fwp%2Fv2%2Fcomments&post=49419"}],"version-history":[{"count":1,"href":"https:\/\/quepocamadre.com\/index.php?rest_route=\/wp\/v2\/posts\/49419\/revisions"}],"predecessor-version":[{"id":49424,"href":"https:\/\/quepocamadre.com\/index.php?rest_route=\/wp\/v2\/posts\/49419\/revisions\/49424"}],"wp:featuredmedia":[{"embeddable":true,"href":"https:\/\/quepocamadre.com\/index.php?rest_route=\/wp\/v2\/media\/49423"}],"wp:attachment":[{"href":"https:\/\/quepocamadre.com\/index.php?rest_route=%2Fwp%2Fv2%2Fmedia&parent=49419"}],"wp:term":[{"taxonomy":"category","embeddable":true,"href":"https:\/\/quepocamadre.com\/index.php?rest_route=%2Fwp%2Fv2%2Fcategories&post=49419"},{"taxonomy":"post_tag","embeddable":true,"href":"https:\/\/quepocamadre.com\/index.php?rest_route=%2Fwp%2Fv2%2Ftags&post=49419"}],"curies":[{"name":"wp","href":"https:\/\/api.w.org\/{rel}","templated":true}]}}