{"id":48997,"date":"2025-05-08T08:17:07","date_gmt":"2025-05-08T14:17:07","guid":{"rendered":"https:\/\/quepocamadre.com\/?p=48997"},"modified":"2025-05-08T08:17:07","modified_gmt":"2025-05-08T14:17:07","slug":"detienen-en-san-felipe-a-el-sangre-por-desaparicion-forzada","status":"publish","type":"post","link":"https:\/\/quepocamadre.com\/?p=48997","title":{"rendered":"Detienen en San Felipe a \u201cEl Sangre\u201d por desaparici\u00f3n forzada"},"content":{"rendered":"<p>Durante un operativo coordinado en el fraccionamiento Los Arcos de San Felipe, Baja California, fue detenido Luis \u201cN\u201d, alias \u201cEl Sangre\u201d, quien contaba con una orden de aprehensi\u00f3n por el delito de desaparici\u00f3n forzada. La captura forma parte de las acciones impulsadas por la gobernadora Marina del Pilar para atacar las causas de la delincuencia en el estado.<\/p>\n<p>La Base de Operaciones Interinstitucionales, integrada por elementos de la Fuerza Estatal de Seguridad Ciudadana (FESC), la Direcci\u00f3n de Seguridad P\u00fablica Municipal (DSPM), la Secretar\u00eda de la Defensa Nacional (SEDENA), la Secretar\u00eda de Marina (SEMAR) y la Fiscal\u00eda General del Estado (FGE), confirm\u00f3 la identidad del individuo antes de realizar la aprehensi\u00f3n. Luis \u201cN\u201d fue puesto a disposici\u00f3n de la FGE, que continuar\u00e1 con las investigaciones correspondientes.<\/p>\n<p>&nbsp;<\/p>\n","protected":false},"excerpt":{"rendered":"<p>Durante un operativo coordinado en el fraccionamiento Los Arcos de San Felipe, Baja California, fue detenido Luis \u201cN\u201d, alias \u201cEl Sangre\u201d, quien contaba con una orden de aprehensi\u00f3n por el delito de desaparici\u00f3n forzada. La captura forma parte de las acciones impulsadas por la gobernadora Marina del Pilar para atacar las causas de la delincuencia [&hellip;]<\/p>\n","protected":false},"author":1,"featured_media":49001,"comment_status":"open","ping_status":"open","sticky":false,"template":"","format":"standard","meta":{"footnotes":""},"categories":[180,124],"tags":[],"class_list":["post-48997","post","type-post","status-publish","format-standard","has-post-thumbnail","hentry","category-bc","category-nacional"],"_links":{"self":[{"href":"https:\/\/quepocamadre.com\/index.php?rest_route=\/wp\/v2\/posts\/48997","targetHints":{"allow":["GET"]}}],"collection":[{"href":"https:\/\/quepocamadre.com\/index.php?rest_route=\/wp\/v2\/posts"}],"about":[{"href":"https:\/\/quepocamadre.com\/index.php?rest_route=\/wp\/v2\/types\/post"}],"author":[{"embeddable":true,"href":"https:\/\/quepocamadre.com\/index.php?rest_route=\/wp\/v2\/users\/1"}],"replies":[{"embeddable":true,"href":"https:\/\/quepocamadre.com\/index.php?rest_route=%2Fwp%2Fv2%2Fcomments&post=48997"}],"version-history":[{"count":1,"href":"https:\/\/quepocamadre.com\/index.php?rest_route=\/wp\/v2\/posts\/48997\/revisions"}],"predecessor-version":[{"id":49002,"href":"https:\/\/quepocamadre.com\/index.php?rest_route=\/wp\/v2\/posts\/48997\/revisions\/49002"}],"wp:featuredmedia":[{"embeddable":true,"href":"https:\/\/quepocamadre.com\/index.php?rest_route=\/wp\/v2\/media\/49001"}],"wp:attachment":[{"href":"https:\/\/quepocamadre.com\/index.php?rest_route=%2Fwp%2Fv2%2Fmedia&parent=48997"}],"wp:term":[{"taxonomy":"category","embeddable":true,"href":"https:\/\/quepocamadre.com\/index.php?rest_route=%2Fwp%2Fv2%2Fcategories&post=48997"},{"taxonomy":"post_tag","embeddable":true,"href":"https:\/\/quepocamadre.com\/index.php?rest_route=%2Fwp%2Fv2%2Ftags&post=48997"}],"curies":[{"name":"wp","href":"https:\/\/api.w.org\/{rel}","templated":true}]}}