{"id":48892,"date":"2025-05-06T08:08:01","date_gmt":"2025-05-06T14:08:01","guid":{"rendered":"https:\/\/quepocamadre.com\/?p=48892"},"modified":"2025-05-06T08:08:01","modified_gmt":"2025-05-06T14:08:01","slug":"mato-a-una-nina-en-atlacomulco-lo-guardaran-51-anos-en-prision","status":"publish","type":"post","link":"https:\/\/quepocamadre.com\/?p=48892","title":{"rendered":"Mat\u00f3 a una ni\u00f1a en Atlacomulco; lo guardar\u00e1n 51 a\u00f1os en prisi\u00f3n"},"content":{"rendered":"<p>Fue el d\u00eda 19 de julio del a\u00f1o 2019 cuando Carlos Fabi\u00e1n Garc\u00eda Medina asesin\u00f3 a una ni\u00f1a de cinco meses de edad, quien era hija de su pareja sentimental, mientras la estaba cuidando en alg\u00fan momento la golpe\u00f3, ocasion\u00e1ndole la muerte.<\/p>\n<p>Garc\u00eda Medina fue sentenciado a 51 a\u00f1os y 3 meses de prisi\u00f3n, luego de que la Fiscal\u00eda General de Justicia del Estado de M\u00e9xico (FGJEM) acredit\u00f3 su intervenci\u00f3n en el delito de homicidio calificado en agravio de una ni\u00f1a de cinco meses de edad, quien era hija de su pareja sentimental.<\/p>\n<p>La autoridad al tener conocimiento de estos hechos dict\u00f3 una orden de aprehensi\u00f3n contra Garc\u00eda Medina, que al ser capturado fue ingresado al Centro Penitenciario y de Reinserci\u00f3n Social de El Oro.<\/p>\n<p>&nbsp;<\/p>\n","protected":false},"excerpt":{"rendered":"<p>Fue el d\u00eda 19 de julio del a\u00f1o 2019 cuando Carlos Fabi\u00e1n Garc\u00eda Medina asesin\u00f3 a una ni\u00f1a de cinco meses de edad, quien era hija de su pareja sentimental, mientras la estaba cuidando en alg\u00fan momento la golpe\u00f3, ocasion\u00e1ndole la muerte. Garc\u00eda Medina fue sentenciado a 51 a\u00f1os y 3 meses de prisi\u00f3n, luego [&hellip;]<\/p>\n","protected":false},"author":1,"featured_media":48896,"comment_status":"open","ping_status":"open","sticky":false,"template":"","format":"standard","meta":{"footnotes":""},"categories":[236,102],"tags":[],"class_list":["post-48892","post","type-post","status-publish","format-standard","has-post-thumbnail","hentry","category-atlacomulco","category-edomex"],"_links":{"self":[{"href":"https:\/\/quepocamadre.com\/index.php?rest_route=\/wp\/v2\/posts\/48892","targetHints":{"allow":["GET"]}}],"collection":[{"href":"https:\/\/quepocamadre.com\/index.php?rest_route=\/wp\/v2\/posts"}],"about":[{"href":"https:\/\/quepocamadre.com\/index.php?rest_route=\/wp\/v2\/types\/post"}],"author":[{"embeddable":true,"href":"https:\/\/quepocamadre.com\/index.php?rest_route=\/wp\/v2\/users\/1"}],"replies":[{"embeddable":true,"href":"https:\/\/quepocamadre.com\/index.php?rest_route=%2Fwp%2Fv2%2Fcomments&post=48892"}],"version-history":[{"count":1,"href":"https:\/\/quepocamadre.com\/index.php?rest_route=\/wp\/v2\/posts\/48892\/revisions"}],"predecessor-version":[{"id":48897,"href":"https:\/\/quepocamadre.com\/index.php?rest_route=\/wp\/v2\/posts\/48892\/revisions\/48897"}],"wp:featuredmedia":[{"embeddable":true,"href":"https:\/\/quepocamadre.com\/index.php?rest_route=\/wp\/v2\/media\/48896"}],"wp:attachment":[{"href":"https:\/\/quepocamadre.com\/index.php?rest_route=%2Fwp%2Fv2%2Fmedia&parent=48892"}],"wp:term":[{"taxonomy":"category","embeddable":true,"href":"https:\/\/quepocamadre.com\/index.php?rest_route=%2Fwp%2Fv2%2Fcategories&post=48892"},{"taxonomy":"post_tag","embeddable":true,"href":"https:\/\/quepocamadre.com\/index.php?rest_route=%2Fwp%2Fv2%2Ftags&post=48892"}],"curies":[{"name":"wp","href":"https:\/\/api.w.org\/{rel}","templated":true}]}}