{"id":48832,"date":"2025-05-05T12:49:26","date_gmt":"2025-05-05T18:49:26","guid":{"rendered":"https:\/\/quepocamadre.com\/?p=48832"},"modified":"2025-05-05T12:49:26","modified_gmt":"2025-05-05T18:49:26","slug":"fiesta-patronal-termina-en-tragedia-asesinan-a-un-hombre-en-temoaya","status":"publish","type":"post","link":"https:\/\/quepocamadre.com\/?p=48832","title":{"rendered":"FIESTA PATRONAL TERMINA EN TRAGEDIA; ASESINAN A UN HOMBRE EN TEMOAYA"},"content":{"rendered":"<p class=\"\" data-start=\"125\" data-end=\"197\">Durante una celebraci\u00f3n patronal en la comunidad del Llano de la Y, en el municipio de Temoaya, un hombre perdi\u00f3 la vida tras ser atacado con un arma de fuego.<\/p>\n<p class=\"\" data-start=\"360\" data-end=\"576\">Seg\u00fan los primeros reportes, la v\u00edctima fue agredida por un sujeto que, tras dispararle, huy\u00f3 con rumbo desconocido. Al lugar acudieron param\u00e9dicos, quienes confirmaron que el hombre ya no contaba con signos vitales.<\/p>\n<p class=\"\" data-start=\"578\" data-end=\"809\">Elementos policiacos acordonaron la zona, en tanto que personal de la Fiscal\u00eda General de Justicia del Estado de M\u00e9xico llev\u00f3 a cabo las diligencias correspondientes e inici\u00f3 una carpeta de investigaci\u00f3n para esclarecer los hechos.<\/p>\n<p class=\"\" data-start=\"811\" data-end=\"1052\">Hasta el momento se desconoce el m\u00f3vil del crimen. Asistentes al evento se\u00f1alaron que, pese a la gran afluencia de personas, la presencia policial fue limitada, lo que habr\u00eda dificultado una intervenci\u00f3n inmediata ante situaciones de riesgo.<\/p>\n","protected":false},"excerpt":{"rendered":"<p>Durante una celebraci\u00f3n patronal en la comunidad del Llano de la Y, en el municipio de Temoaya, un hombre perdi\u00f3 la vida tras ser atacado con un arma de fuego. Seg\u00fan los primeros reportes, la v\u00edctima fue agredida por un sujeto que, tras dispararle, huy\u00f3 con rumbo desconocido. Al lugar acudieron param\u00e9dicos, quienes confirmaron que [&hellip;]<\/p>\n","protected":false},"author":12,"featured_media":48833,"comment_status":"open","ping_status":"open","sticky":false,"template":"","format":"standard","meta":{"footnotes":""},"categories":[102,245],"tags":[],"class_list":["post-48832","post","type-post","status-publish","format-standard","has-post-thumbnail","hentry","category-edomex","category-temoaya"],"_links":{"self":[{"href":"https:\/\/quepocamadre.com\/index.php?rest_route=\/wp\/v2\/posts\/48832","targetHints":{"allow":["GET"]}}],"collection":[{"href":"https:\/\/quepocamadre.com\/index.php?rest_route=\/wp\/v2\/posts"}],"about":[{"href":"https:\/\/quepocamadre.com\/index.php?rest_route=\/wp\/v2\/types\/post"}],"author":[{"embeddable":true,"href":"https:\/\/quepocamadre.com\/index.php?rest_route=\/wp\/v2\/users\/12"}],"replies":[{"embeddable":true,"href":"https:\/\/quepocamadre.com\/index.php?rest_route=%2Fwp%2Fv2%2Fcomments&post=48832"}],"version-history":[{"count":1,"href":"https:\/\/quepocamadre.com\/index.php?rest_route=\/wp\/v2\/posts\/48832\/revisions"}],"predecessor-version":[{"id":48834,"href":"https:\/\/quepocamadre.com\/index.php?rest_route=\/wp\/v2\/posts\/48832\/revisions\/48834"}],"wp:featuredmedia":[{"embeddable":true,"href":"https:\/\/quepocamadre.com\/index.php?rest_route=\/wp\/v2\/media\/48833"}],"wp:attachment":[{"href":"https:\/\/quepocamadre.com\/index.php?rest_route=%2Fwp%2Fv2%2Fmedia&parent=48832"}],"wp:term":[{"taxonomy":"category","embeddable":true,"href":"https:\/\/quepocamadre.com\/index.php?rest_route=%2Fwp%2Fv2%2Fcategories&post=48832"},{"taxonomy":"post_tag","embeddable":true,"href":"https:\/\/quepocamadre.com\/index.php?rest_route=%2Fwp%2Fv2%2Ftags&post=48832"}],"curies":[{"name":"wp","href":"https:\/\/api.w.org\/{rel}","templated":true}]}}