{"id":48829,"date":"2025-05-05T12:39:51","date_gmt":"2025-05-05T18:39:51","guid":{"rendered":"https:\/\/quepocamadre.com\/?p=48829"},"modified":"2025-05-05T12:39:51","modified_gmt":"2025-05-05T18:39:51","slug":"matan-a-presunto-dealer-en-calles-de-la-alvaro-obregon","status":"publish","type":"post","link":"https:\/\/quepocamadre.com\/?p=48829","title":{"rendered":"MATAN A PRESUNTO DEALER EN CALLES DE LA \u00c1LVARO OBREG\u00d3N"},"content":{"rendered":"<p>Esteban Lara, de 31 a\u00f1os de edad, falleci\u00f3 tras recibir al menos 20 balazos cuando se encontraba en calles de la colonia Lomas de Becerra, en la alcald\u00eda \u00c1lvaro Obreg\u00f3n, CDMX.<br \/>\nInvestigaciones de las autoridades se\u00f1alan que el sujeto presuntamente se dedicaba a la venta de 2CB, coca\u00edna y tachas, en la mencionada colonia; sin embargo, su familia afirma que trabajaba en un taller mec\u00e1nico.<br \/>\nLa fiscal\u00eda capitalina abri\u00f3 una carpeta de investigaci\u00f3n para esclarecer los hechos.<\/p>\n","protected":false},"excerpt":{"rendered":"<p>Esteban Lara, de 31 a\u00f1os de edad, falleci\u00f3 tras recibir al menos 20 balazos cuando se encontraba en calles de la colonia Lomas de Becerra, en la alcald\u00eda \u00c1lvaro Obreg\u00f3n, CDMX. Investigaciones de las autoridades se\u00f1alan que el sujeto presuntamente se dedicaba a la venta de 2CB, coca\u00edna y tachas, en la mencionada colonia; sin [&hellip;]<\/p>\n","protected":false},"author":12,"featured_media":48830,"comment_status":"open","ping_status":"open","sticky":false,"template":"","format":"standard","meta":{"footnotes":""},"categories":[123],"tags":[],"class_list":["post-48829","post","type-post","status-publish","format-standard","has-post-thumbnail","hentry","category-cdmx"],"_links":{"self":[{"href":"https:\/\/quepocamadre.com\/index.php?rest_route=\/wp\/v2\/posts\/48829","targetHints":{"allow":["GET"]}}],"collection":[{"href":"https:\/\/quepocamadre.com\/index.php?rest_route=\/wp\/v2\/posts"}],"about":[{"href":"https:\/\/quepocamadre.com\/index.php?rest_route=\/wp\/v2\/types\/post"}],"author":[{"embeddable":true,"href":"https:\/\/quepocamadre.com\/index.php?rest_route=\/wp\/v2\/users\/12"}],"replies":[{"embeddable":true,"href":"https:\/\/quepocamadre.com\/index.php?rest_route=%2Fwp%2Fv2%2Fcomments&post=48829"}],"version-history":[{"count":1,"href":"https:\/\/quepocamadre.com\/index.php?rest_route=\/wp\/v2\/posts\/48829\/revisions"}],"predecessor-version":[{"id":48831,"href":"https:\/\/quepocamadre.com\/index.php?rest_route=\/wp\/v2\/posts\/48829\/revisions\/48831"}],"wp:featuredmedia":[{"embeddable":true,"href":"https:\/\/quepocamadre.com\/index.php?rest_route=\/wp\/v2\/media\/48830"}],"wp:attachment":[{"href":"https:\/\/quepocamadre.com\/index.php?rest_route=%2Fwp%2Fv2%2Fmedia&parent=48829"}],"wp:term":[{"taxonomy":"category","embeddable":true,"href":"https:\/\/quepocamadre.com\/index.php?rest_route=%2Fwp%2Fv2%2Fcategories&post=48829"},{"taxonomy":"post_tag","embeddable":true,"href":"https:\/\/quepocamadre.com\/index.php?rest_route=%2Fwp%2Fv2%2Ftags&post=48829"}],"curies":[{"name":"wp","href":"https:\/\/api.w.org\/{rel}","templated":true}]}}