{"id":48491,"date":"2025-04-25T08:19:38","date_gmt":"2025-04-25T14:19:38","guid":{"rendered":"https:\/\/quepocamadre.com\/?p=48491"},"modified":"2025-04-25T08:19:38","modified_gmt":"2025-04-25T14:19:38","slug":"acababa-de-salir-del-penal-algo-debia-porque-lo-mataron","status":"publish","type":"post","link":"https:\/\/quepocamadre.com\/?p=48491","title":{"rendered":"\u00a1ACABABA DE SALIR DEL PENAL! ALGO DEB\u00cdA PORQUE LO MATARON"},"content":{"rendered":"<p>Un joven de nombre Fernando de 22 a\u00f1os perdi\u00f3 la vida y dej\u00f3 de estar en este plano terrenal a causa de un balazo en su pecho.<\/p>\n<p>El muerto acababa de salir del penal, lo mataron mientras circulaba en una motocicleta por la calle 16 de septiembre, a la altura de la colonia El Pedregal de Guadalupe, en el municipio de Ocoyoacac, Estado de M\u00e9xico.<\/p>\n<p>Al lugar llegaron elementos de la polic\u00eda estatal y municipales, quienes resguardaron el \u00e1rea, m\u00e1s tarde, trabajadores de la Fiscal\u00eda procedieron a llevar el cuerpo al anfiteatro y comenzar con la l\u00ednea de investigaci\u00f3n.<\/p>\n<p>&nbsp;<\/p>\n","protected":false},"excerpt":{"rendered":"<p>Un joven de nombre Fernando de 22 a\u00f1os perdi\u00f3 la vida y dej\u00f3 de estar en este plano terrenal a causa de un balazo en su pecho. El muerto acababa de salir del penal, lo mataron mientras circulaba en una motocicleta por la calle 16 de septiembre, a la altura de la colonia El Pedregal [&hellip;]<\/p>\n","protected":false},"author":1,"featured_media":48493,"comment_status":"open","ping_status":"open","sticky":false,"template":"","format":"standard","meta":{"footnotes":""},"categories":[102,117],"tags":[],"class_list":["post-48491","post","type-post","status-publish","format-standard","has-post-thumbnail","hentry","category-edomex","category-ocoyoacac"],"_links":{"self":[{"href":"https:\/\/quepocamadre.com\/index.php?rest_route=\/wp\/v2\/posts\/48491","targetHints":{"allow":["GET"]}}],"collection":[{"href":"https:\/\/quepocamadre.com\/index.php?rest_route=\/wp\/v2\/posts"}],"about":[{"href":"https:\/\/quepocamadre.com\/index.php?rest_route=\/wp\/v2\/types\/post"}],"author":[{"embeddable":true,"href":"https:\/\/quepocamadre.com\/index.php?rest_route=\/wp\/v2\/users\/1"}],"replies":[{"embeddable":true,"href":"https:\/\/quepocamadre.com\/index.php?rest_route=%2Fwp%2Fv2%2Fcomments&post=48491"}],"version-history":[{"count":1,"href":"https:\/\/quepocamadre.com\/index.php?rest_route=\/wp\/v2\/posts\/48491\/revisions"}],"predecessor-version":[{"id":48494,"href":"https:\/\/quepocamadre.com\/index.php?rest_route=\/wp\/v2\/posts\/48491\/revisions\/48494"}],"wp:featuredmedia":[{"embeddable":true,"href":"https:\/\/quepocamadre.com\/index.php?rest_route=\/wp\/v2\/media\/48493"}],"wp:attachment":[{"href":"https:\/\/quepocamadre.com\/index.php?rest_route=%2Fwp%2Fv2%2Fmedia&parent=48491"}],"wp:term":[{"taxonomy":"category","embeddable":true,"href":"https:\/\/quepocamadre.com\/index.php?rest_route=%2Fwp%2Fv2%2Fcategories&post=48491"},{"taxonomy":"post_tag","embeddable":true,"href":"https:\/\/quepocamadre.com\/index.php?rest_route=%2Fwp%2Fv2%2Ftags&post=48491"}],"curies":[{"name":"wp","href":"https:\/\/api.w.org\/{rel}","templated":true}]}}