{"id":48198,"date":"2025-04-17T07:20:19","date_gmt":"2025-04-17T13:20:19","guid":{"rendered":"https:\/\/quepocamadre.com\/?p=48198"},"modified":"2025-04-17T07:20:19","modified_gmt":"2025-04-17T13:20:19","slug":"tromba-marina-sorprende-a-habitantes-de-veracruz","status":"publish","type":"post","link":"https:\/\/quepocamadre.com\/?p=48198","title":{"rendered":"TROMBA MARINA SORPRENDE A HABITANTES DE VERACRUZ"},"content":{"rendered":"<p>Este mi\u00e9rcoles se form\u00f3 una Tromba marina sobre la ciudad Lerdo de Tejada, en Veracruz; afortunadamente no se reportaron heridos.<\/p>\n<p>Im\u00e1genes se volvieron virales del embudo que se form\u00f3 y alert\u00f3 a los pobladores, en los videos de puede ver la columna de aire baja hacia el suelo desde el cielo, levantando el polvo.<\/p>\n<p>Las autoridades descartaron posibles da\u00f1os y afectaciones en la zona. La meteor\u00f3loga de la Conagua, Jessica Iveth Luna Lagunes, se\u00f1al\u00f3 que no se trat\u00f3 de una tromba, solo fue un embudo de nube y no un tornado.<\/p>\n<p>&nbsp;<\/p>\n","protected":false},"excerpt":{"rendered":"<p>Este mi\u00e9rcoles se form\u00f3 una Tromba marina sobre la ciudad Lerdo de Tejada, en Veracruz; afortunadamente no se reportaron heridos. Im\u00e1genes se volvieron virales del embudo que se form\u00f3 y alert\u00f3 a los pobladores, en los videos de puede ver la columna de aire baja hacia el suelo desde el cielo, levantando el polvo. Las [&hellip;]<\/p>\n","protected":false},"author":1,"featured_media":48200,"comment_status":"open","ping_status":"open","sticky":false,"template":"","format":"standard","meta":{"footnotes":""},"categories":[124,131],"tags":[],"class_list":["post-48198","post","type-post","status-publish","format-standard","has-post-thumbnail","hentry","category-nacional","category-veracruz"],"_links":{"self":[{"href":"https:\/\/quepocamadre.com\/index.php?rest_route=\/wp\/v2\/posts\/48198","targetHints":{"allow":["GET"]}}],"collection":[{"href":"https:\/\/quepocamadre.com\/index.php?rest_route=\/wp\/v2\/posts"}],"about":[{"href":"https:\/\/quepocamadre.com\/index.php?rest_route=\/wp\/v2\/types\/post"}],"author":[{"embeddable":true,"href":"https:\/\/quepocamadre.com\/index.php?rest_route=\/wp\/v2\/users\/1"}],"replies":[{"embeddable":true,"href":"https:\/\/quepocamadre.com\/index.php?rest_route=%2Fwp%2Fv2%2Fcomments&post=48198"}],"version-history":[{"count":1,"href":"https:\/\/quepocamadre.com\/index.php?rest_route=\/wp\/v2\/posts\/48198\/revisions"}],"predecessor-version":[{"id":48201,"href":"https:\/\/quepocamadre.com\/index.php?rest_route=\/wp\/v2\/posts\/48198\/revisions\/48201"}],"wp:featuredmedia":[{"embeddable":true,"href":"https:\/\/quepocamadre.com\/index.php?rest_route=\/wp\/v2\/media\/48200"}],"wp:attachment":[{"href":"https:\/\/quepocamadre.com\/index.php?rest_route=%2Fwp%2Fv2%2Fmedia&parent=48198"}],"wp:term":[{"taxonomy":"category","embeddable":true,"href":"https:\/\/quepocamadre.com\/index.php?rest_route=%2Fwp%2Fv2%2Fcategories&post=48198"},{"taxonomy":"post_tag","embeddable":true,"href":"https:\/\/quepocamadre.com\/index.php?rest_route=%2Fwp%2Fv2%2Ftags&post=48198"}],"curies":[{"name":"wp","href":"https:\/\/api.w.org\/{rel}","templated":true}]}}