{"id":47653,"date":"2025-04-14T08:04:53","date_gmt":"2025-04-14T14:04:53","guid":{"rendered":"https:\/\/quepocamadre.com\/?p=47653"},"modified":"2025-04-14T08:04:53","modified_gmt":"2025-04-14T14:04:53","slug":"por-el-pastizal-se-incendio-un-deposito-de-autos","status":"publish","type":"post","link":"https:\/\/quepocamadre.com\/?p=47653","title":{"rendered":"\u00a1POR EL PASTIZAL! SE INCENDI\u00d3 UN DEP\u00d3SITO DE AUTOS"},"content":{"rendered":"<p>Se report\u00f3 un fuerte incendi\u00f3 en un dep\u00f3sito de autos en la carretera M\u00e9xico &#8211; Cuautla, a la altura de Chalco, Edom\u00e9x<\/p>\n<p>De acuerdo a los reportes, el siniestro empez\u00f3 por la quema de pastizales, los fuertes vientos propagaron r\u00e1pidamente las llamas hasta alcanzar el \u00e1rea donde se almacenaban los autom\u00f3viles, provocando el siniestro.<\/p>\n<p>Los encargados del dep\u00f3sito lograron salir a tiempo del lugar y fueron ellos quienes alertaron a los cuerpos de emergencia para solicitar apoyo en el combate del incendio.<\/p>\n<p><a href=\"https:\/\/quepocamadre.com\/wp-content\/uploads\/2025\/04\/POR-EL-2.jpg\"><img fetchpriority=\"high\" decoding=\"async\" class=\"aligncenter size-full wp-image-47656\" src=\"https:\/\/quepocamadre.com\/wp-content\/uploads\/2025\/04\/POR-EL-2.jpg\" alt=\"\" width=\"1200\" height=\"801\" srcset=\"https:\/\/quepocamadre.com\/wp-content\/uploads\/2025\/04\/POR-EL-2.jpg 1200w, https:\/\/quepocamadre.com\/wp-content\/uploads\/2025\/04\/POR-EL-2-300x200.jpg 300w, https:\/\/quepocamadre.com\/wp-content\/uploads\/2025\/04\/POR-EL-2-1024x684.jpg 1024w, https:\/\/quepocamadre.com\/wp-content\/uploads\/2025\/04\/POR-EL-2-768x513.jpg 768w\" sizes=\"(max-width: 1200px) 100vw, 1200px\" \/><\/a><\/p>\n","protected":false},"excerpt":{"rendered":"<p>Se report\u00f3 un fuerte incendi\u00f3 en un dep\u00f3sito de autos en la carretera M\u00e9xico &#8211; Cuautla, a la altura de Chalco, Edom\u00e9x De acuerdo a los reportes, el siniestro empez\u00f3 por la quema de pastizales, los fuertes vientos propagaron r\u00e1pidamente las llamas hasta alcanzar el \u00e1rea donde se almacenaban los autom\u00f3viles, provocando el siniestro. Los [&hellip;]<\/p>\n","protected":false},"author":1,"featured_media":47655,"comment_status":"open","ping_status":"open","sticky":false,"template":"","format":"standard","meta":{"footnotes":""},"categories":[253,102],"tags":[],"class_list":["post-47653","post","type-post","status-publish","format-standard","has-post-thumbnail","hentry","category-chalco","category-edomex"],"_links":{"self":[{"href":"https:\/\/quepocamadre.com\/index.php?rest_route=\/wp\/v2\/posts\/47653","targetHints":{"allow":["GET"]}}],"collection":[{"href":"https:\/\/quepocamadre.com\/index.php?rest_route=\/wp\/v2\/posts"}],"about":[{"href":"https:\/\/quepocamadre.com\/index.php?rest_route=\/wp\/v2\/types\/post"}],"author":[{"embeddable":true,"href":"https:\/\/quepocamadre.com\/index.php?rest_route=\/wp\/v2\/users\/1"}],"replies":[{"embeddable":true,"href":"https:\/\/quepocamadre.com\/index.php?rest_route=%2Fwp%2Fv2%2Fcomments&post=47653"}],"version-history":[{"count":1,"href":"https:\/\/quepocamadre.com\/index.php?rest_route=\/wp\/v2\/posts\/47653\/revisions"}],"predecessor-version":[{"id":47657,"href":"https:\/\/quepocamadre.com\/index.php?rest_route=\/wp\/v2\/posts\/47653\/revisions\/47657"}],"wp:featuredmedia":[{"embeddable":true,"href":"https:\/\/quepocamadre.com\/index.php?rest_route=\/wp\/v2\/media\/47655"}],"wp:attachment":[{"href":"https:\/\/quepocamadre.com\/index.php?rest_route=%2Fwp%2Fv2%2Fmedia&parent=47653"}],"wp:term":[{"taxonomy":"category","embeddable":true,"href":"https:\/\/quepocamadre.com\/index.php?rest_route=%2Fwp%2Fv2%2Fcategories&post=47653"},{"taxonomy":"post_tag","embeddable":true,"href":"https:\/\/quepocamadre.com\/index.php?rest_route=%2Fwp%2Fv2%2Ftags&post=47653"}],"curies":[{"name":"wp","href":"https:\/\/api.w.org\/{rel}","templated":true}]}}