{"id":44035,"date":"2025-03-03T08:27:37","date_gmt":"2025-03-03T14:27:37","guid":{"rendered":"https:\/\/quepocamadre.com\/?p=44035"},"modified":"2025-03-03T08:27:37","modified_gmt":"2025-03-03T14:27:37","slug":"rayo-incendia-castillo-en-la-feria-de-tultepec","status":"publish","type":"post","link":"https:\/\/quepocamadre.com\/?p=44035","title":{"rendered":"RAYO INCENDIA CASTILLO EN LA FERIA DE TULTEPEC"},"content":{"rendered":"<p>Un rayo alcanz\u00f3 la torre de un castillo en la Feria de la Pirotecnia de Tultepec, incendi\u00e1ndola. Durante el accidente, un artesano se encontraba en la parte alta, afortunadamente logr\u00f3 ponerse a salvo a tiempo; s\u00f3lo result\u00f3 con lesiones leves. El evento fue reprogramado.<\/p>\n","protected":false},"excerpt":{"rendered":"<p>Un rayo alcanz\u00f3 la torre de un castillo en la Feria de la Pirotecnia de Tultepec, incendi\u00e1ndola. Durante el accidente, un artesano se encontraba en la parte alta, afortunadamente logr\u00f3 ponerse a salvo a tiempo; s\u00f3lo result\u00f3 con lesiones leves. El evento fue reprogramado.<\/p>\n","protected":false},"author":1,"featured_media":44039,"comment_status":"open","ping_status":"open","sticky":false,"template":"","format":"standard","meta":{"footnotes":""},"categories":[102,252],"tags":[],"class_list":["post-44035","post","type-post","status-publish","format-standard","has-post-thumbnail","hentry","category-edomex","category-tultepec"],"_links":{"self":[{"href":"https:\/\/quepocamadre.com\/index.php?rest_route=\/wp\/v2\/posts\/44035","targetHints":{"allow":["GET"]}}],"collection":[{"href":"https:\/\/quepocamadre.com\/index.php?rest_route=\/wp\/v2\/posts"}],"about":[{"href":"https:\/\/quepocamadre.com\/index.php?rest_route=\/wp\/v2\/types\/post"}],"author":[{"embeddable":true,"href":"https:\/\/quepocamadre.com\/index.php?rest_route=\/wp\/v2\/users\/1"}],"replies":[{"embeddable":true,"href":"https:\/\/quepocamadre.com\/index.php?rest_route=%2Fwp%2Fv2%2Fcomments&post=44035"}],"version-history":[{"count":1,"href":"https:\/\/quepocamadre.com\/index.php?rest_route=\/wp\/v2\/posts\/44035\/revisions"}],"predecessor-version":[{"id":44040,"href":"https:\/\/quepocamadre.com\/index.php?rest_route=\/wp\/v2\/posts\/44035\/revisions\/44040"}],"wp:featuredmedia":[{"embeddable":true,"href":"https:\/\/quepocamadre.com\/index.php?rest_route=\/wp\/v2\/media\/44039"}],"wp:attachment":[{"href":"https:\/\/quepocamadre.com\/index.php?rest_route=%2Fwp%2Fv2%2Fmedia&parent=44035"}],"wp:term":[{"taxonomy":"category","embeddable":true,"href":"https:\/\/quepocamadre.com\/index.php?rest_route=%2Fwp%2Fv2%2Fcategories&post=44035"},{"taxonomy":"post_tag","embeddable":true,"href":"https:\/\/quepocamadre.com\/index.php?rest_route=%2Fwp%2Fv2%2Ftags&post=44035"}],"curies":[{"name":"wp","href":"https:\/\/api.w.org\/{rel}","templated":true}]}}