{"id":42965,"date":"2025-02-14T09:16:07","date_gmt":"2025-02-14T15:16:07","guid":{"rendered":"https:\/\/quepocamadre.com\/?p=42965"},"modified":"2025-02-14T09:16:25","modified_gmt":"2025-02-14T15:16:25","slug":"ejecutan-a-narco-europeo-en-edomex","status":"publish","type":"post","link":"https:\/\/quepocamadre.com\/?p=42965","title":{"rendered":"\u00a1EJECUTAN A NARCO EUROPEO EN EDOM\u00c9X!"},"content":{"rendered":"<blockquote><p>Narcotraficante de origen neerland\u00e9s que estaba vinculado al C\u00e1rtel de Sinaloa y era socio cercano de Ismael &#8220;El Mayo&#8221; Zambada fue asesinado en Atizap\u00e1n de Zaragoza, Estado de M\u00e9xico.<\/p><\/blockquote>\n<p>Marco Ebben, quien era se\u00f1alado como narcotraficante, de origen neerland\u00e9s, que estaba vinculado al C\u00e1rtel de Sinaloa y era socio cercano de Ismael &#8220;El Mayo&#8221; Zambada, fue asesinado en Atizap\u00e1n de Zaragoza, Estado de M\u00e9xico.<\/p>\n<p>Su ejecuci\u00f3n ocurri\u00f3 a las 11:40 de la ma\u00f1ana, Ebben se dirigia a su camioneta blindada en el fraccionamiento Real Antigua cuando dos sicarios le dispararon en m\u00e1s de 15 ocasiones con armas de calibre .223 y 9 mm, caus\u00e1ndole la muerte en el lugar.<\/p>\n<p>Ebben, de 32 a\u00f1os, era buscado por la Oficina Europea de Polic\u00eda (Europol) por delitos relacionados con el tr\u00e1fico internacional de drogas.<\/p>\n<p>Fue en 2015, cuando fue detenido junto a su padre por introducir 400 kilos de coca\u00edna a los Pa\u00edses Bajos desde Brasil, ocultos en un cargamento de pi\u00f1as.<\/p>\n<p>Fue sentenciado en 2020 a siete a\u00f1os y siete meses de prisi\u00f3n, logr\u00f3 evadir a la justicia y residi\u00f3 en pa\u00edses como Dub\u00e1i, Rusia, Italia y Turqu\u00eda antes de trasladarse a M\u00e9xico.<\/p>\n<p><a href=\"https:\/\/quepocamadre.com\/wp-content\/uploads\/2025\/02\/ejecutan-2.jpg\"><img fetchpriority=\"high\" decoding=\"async\" class=\"aligncenter size-full wp-image-42970\" src=\"https:\/\/quepocamadre.com\/wp-content\/uploads\/2025\/02\/ejecutan-2.jpg\" alt=\"\" width=\"1200\" height=\"801\" srcset=\"https:\/\/quepocamadre.com\/wp-content\/uploads\/2025\/02\/ejecutan-2.jpg 1200w, https:\/\/quepocamadre.com\/wp-content\/uploads\/2025\/02\/ejecutan-2-400x267.jpg 400w, https:\/\/quepocamadre.com\/wp-content\/uploads\/2025\/02\/ejecutan-2-650x434.jpg 650w, https:\/\/quepocamadre.com\/wp-content\/uploads\/2025\/02\/ejecutan-2-250x167.jpg 250w, https:\/\/quepocamadre.com\/wp-content\/uploads\/2025\/02\/ejecutan-2-768x513.jpg 768w, https:\/\/quepocamadre.com\/wp-content\/uploads\/2025\/02\/ejecutan-2-150x100.jpg 150w, https:\/\/quepocamadre.com\/wp-content\/uploads\/2025\/02\/ejecutan-2-50x33.jpg 50w, https:\/\/quepocamadre.com\/wp-content\/uploads\/2025\/02\/ejecutan-2-100x67.jpg 100w, https:\/\/quepocamadre.com\/wp-content\/uploads\/2025\/02\/ejecutan-2-200x134.jpg 200w, https:\/\/quepocamadre.com\/wp-content\/uploads\/2025\/02\/ejecutan-2-300x200.jpg 300w, https:\/\/quepocamadre.com\/wp-content\/uploads\/2025\/02\/ejecutan-2-350x234.jpg 350w, https:\/\/quepocamadre.com\/wp-content\/uploads\/2025\/02\/ejecutan-2-450x300.jpg 450w, https:\/\/quepocamadre.com\/wp-content\/uploads\/2025\/02\/ejecutan-2-500x334.jpg 500w, https:\/\/quepocamadre.com\/wp-content\/uploads\/2025\/02\/ejecutan-2-550x367.jpg 550w, https:\/\/quepocamadre.com\/wp-content\/uploads\/2025\/02\/ejecutan-2-800x534.jpg 800w\" sizes=\"(max-width: 1200px) 100vw, 1200px\" \/><\/a><\/p>\n<p>Ya en M\u00e9xico, se le vincul\u00f3 con el C\u00e1rtel de Sinaloa, espec\u00edficamente con la facci\u00f3n liderada por &#8220;El Mayo&#8221; Zambada, conocida como &#8220;La Mayiza&#8221;.<\/p>\n<p>Adem\u00e1s se cree que particip\u00f3 en la disputa interna del c\u00e1rtel contra &#8220;Los Chapitos&#8221;, hijos de Joaqu\u00edn &#8220;El Chapo&#8221; Guzm\u00e1n.<\/p>\n<p>Cabe destacar que Ebben hab\u00eda fingido su muerte en al menos dos ocasiones para evadir a las autoridades y a sus enemigos en el mundo del narcotr\u00e1fico.<\/p>\n<p>Las autoridades encontraron en el lugar de su asesinato, identificaciones falsas, incluyendo credenciales ap\u00f3crifas de la Administraci\u00f3n de Control de Drogas (DEA) de Estados Unidos.<\/p>\n<p>Sin embargo las autoridades mexicanas no han emitido una confirmaci\u00f3n oficial sobre su muerte, y las investigaciones contin\u00faan para esclarecer los detalles del homicidio.<\/p>\n<p><a href=\"https:\/\/quepocamadre.com\/wp-content\/uploads\/2025\/02\/ejecutan-3.jpg\"><img decoding=\"async\" class=\"aligncenter size-full wp-image-42971\" src=\"https:\/\/quepocamadre.com\/wp-content\/uploads\/2025\/02\/ejecutan-3.jpg\" alt=\"\" width=\"1200\" height=\"801\" srcset=\"https:\/\/quepocamadre.com\/wp-content\/uploads\/2025\/02\/ejecutan-3.jpg 1200w, https:\/\/quepocamadre.com\/wp-content\/uploads\/2025\/02\/ejecutan-3-400x267.jpg 400w, https:\/\/quepocamadre.com\/wp-content\/uploads\/2025\/02\/ejecutan-3-650x434.jpg 650w, https:\/\/quepocamadre.com\/wp-content\/uploads\/2025\/02\/ejecutan-3-250x167.jpg 250w, https:\/\/quepocamadre.com\/wp-content\/uploads\/2025\/02\/ejecutan-3-768x513.jpg 768w, https:\/\/quepocamadre.com\/wp-content\/uploads\/2025\/02\/ejecutan-3-150x100.jpg 150w, https:\/\/quepocamadre.com\/wp-content\/uploads\/2025\/02\/ejecutan-3-50x33.jpg 50w, https:\/\/quepocamadre.com\/wp-content\/uploads\/2025\/02\/ejecutan-3-100x67.jpg 100w, https:\/\/quepocamadre.com\/wp-content\/uploads\/2025\/02\/ejecutan-3-200x134.jpg 200w, https:\/\/quepocamadre.com\/wp-content\/uploads\/2025\/02\/ejecutan-3-300x200.jpg 300w, https:\/\/quepocamadre.com\/wp-content\/uploads\/2025\/02\/ejecutan-3-350x234.jpg 350w, https:\/\/quepocamadre.com\/wp-content\/uploads\/2025\/02\/ejecutan-3-450x300.jpg 450w, https:\/\/quepocamadre.com\/wp-content\/uploads\/2025\/02\/ejecutan-3-500x334.jpg 500w, https:\/\/quepocamadre.com\/wp-content\/uploads\/2025\/02\/ejecutan-3-550x367.jpg 550w, https:\/\/quepocamadre.com\/wp-content\/uploads\/2025\/02\/ejecutan-3-800x534.jpg 800w\" sizes=\"(max-width: 1200px) 100vw, 1200px\" \/><\/a><\/p>\n","protected":false},"excerpt":{"rendered":"<p>Narcotraficante de origen neerland\u00e9s que estaba vinculado al C\u00e1rtel de Sinaloa y era socio cercano de Ismael &#8220;El Mayo&#8221; Zambada fue asesinado en Atizap\u00e1n de Zaragoza, Estado de M\u00e9xico. Marco Ebben, quien era se\u00f1alado como narcotraficante, de origen neerland\u00e9s, que estaba vinculado al C\u00e1rtel de Sinaloa y era socio cercano de Ismael &#8220;El Mayo&#8221; Zambada, [&hellip;]<\/p>\n","protected":false},"author":1,"featured_media":42972,"comment_status":"open","ping_status":"open","sticky":false,"template":"","format":"standard","meta":{"footnotes":""},"categories":[248,102,274],"tags":[],"class_list":["post-42965","post","type-post","status-publish","format-standard","has-post-thumbnail","hentry","category-atizapan-de-zaragoza","category-edomex","category-portada"],"_links":{"self":[{"href":"https:\/\/quepocamadre.com\/index.php?rest_route=\/wp\/v2\/posts\/42965","targetHints":{"allow":["GET"]}}],"collection":[{"href":"https:\/\/quepocamadre.com\/index.php?rest_route=\/wp\/v2\/posts"}],"about":[{"href":"https:\/\/quepocamadre.com\/index.php?rest_route=\/wp\/v2\/types\/post"}],"author":[{"embeddable":true,"href":"https:\/\/quepocamadre.com\/index.php?rest_route=\/wp\/v2\/users\/1"}],"replies":[{"embeddable":true,"href":"https:\/\/quepocamadre.com\/index.php?rest_route=%2Fwp%2Fv2%2Fcomments&post=42965"}],"version-history":[{"count":1,"href":"https:\/\/quepocamadre.com\/index.php?rest_route=\/wp\/v2\/posts\/42965\/revisions"}],"predecessor-version":[{"id":42973,"href":"https:\/\/quepocamadre.com\/index.php?rest_route=\/wp\/v2\/posts\/42965\/revisions\/42973"}],"wp:featuredmedia":[{"embeddable":true,"href":"https:\/\/quepocamadre.com\/index.php?rest_route=\/wp\/v2\/media\/42972"}],"wp:attachment":[{"href":"https:\/\/quepocamadre.com\/index.php?rest_route=%2Fwp%2Fv2%2Fmedia&parent=42965"}],"wp:term":[{"taxonomy":"category","embeddable":true,"href":"https:\/\/quepocamadre.com\/index.php?rest_route=%2Fwp%2Fv2%2Fcategories&post=42965"},{"taxonomy":"post_tag","embeddable":true,"href":"https:\/\/quepocamadre.com\/index.php?rest_route=%2Fwp%2Fv2%2Ftags&post=42965"}],"curies":[{"name":"wp","href":"https:\/\/api.w.org\/{rel}","templated":true}]}}