{"id":42777,"date":"2025-02-11T08:54:00","date_gmt":"2025-02-11T14:54:00","guid":{"rendered":"https:\/\/quepocamadre.com\/?p=42777"},"modified":"2025-02-11T08:54:00","modified_gmt":"2025-02-11T14:54:00","slug":"le-dan-platano-se-queda-en-el-bote","status":"publish","type":"post","link":"https:\/\/quepocamadre.com\/?p=42777","title":{"rendered":"\u00a1LE DAN PL\u00c1TANO! \u00a1SE QUEDA EN EL BOTE!"},"content":{"rendered":"<blockquote><p>Recibi\u00f3 la medida tras ser acusado de ordenar a tres supuestos miembros del c\u00e1rtel de la Familia Michoacana que privaran de la libertad al suegro de una candidata a la alcald\u00eda en mayo de 2024.<\/p><\/blockquote>\n<p>Una audiencia celebrada en los Juzgados de Tenango del Valle, le establecieron prisi\u00f3n preventiva para Pedro Luis \u201cN\u201d alias \u201cWicho\u201d, ex funcionario p\u00fablico de Santo Tom\u00e1s de los Pl\u00e1tanos y quien hab\u00eda sido electo presidente municipal para el periodo 2025-2027. Este sujeto es investigado por su probable intervenci\u00f3n en el delito de extorsi\u00f3n.<\/p>\n<p>Pedro Luis \u201cN\u201d es indagado por hechos registrados en el 23 de abril de 2024, cuando, presuntamente realiz\u00f3 llamadas telef\u00f3nicas a la v\u00edctima, a quien orden\u00f3 dejar la candidatura al municipio de Santo Tom\u00e1s o le har\u00eda da\u00f1o a su familia.<\/p>\n<p><a href=\"https:\/\/quepocamadre.com\/wp-content\/uploads\/2025\/02\/le-dan-2.jpg\"><img fetchpriority=\"high\" decoding=\"async\" class=\"aligncenter size-full wp-image-42781\" src=\"https:\/\/quepocamadre.com\/wp-content\/uploads\/2025\/02\/le-dan-2.jpg\" alt=\"\" width=\"1200\" height=\"801\" srcset=\"https:\/\/quepocamadre.com\/wp-content\/uploads\/2025\/02\/le-dan-2.jpg 1200w, https:\/\/quepocamadre.com\/wp-content\/uploads\/2025\/02\/le-dan-2-400x267.jpg 400w, https:\/\/quepocamadre.com\/wp-content\/uploads\/2025\/02\/le-dan-2-650x434.jpg 650w, https:\/\/quepocamadre.com\/wp-content\/uploads\/2025\/02\/le-dan-2-250x167.jpg 250w, https:\/\/quepocamadre.com\/wp-content\/uploads\/2025\/02\/le-dan-2-768x513.jpg 768w, https:\/\/quepocamadre.com\/wp-content\/uploads\/2025\/02\/le-dan-2-150x100.jpg 150w, https:\/\/quepocamadre.com\/wp-content\/uploads\/2025\/02\/le-dan-2-50x33.jpg 50w, https:\/\/quepocamadre.com\/wp-content\/uploads\/2025\/02\/le-dan-2-100x67.jpg 100w, https:\/\/quepocamadre.com\/wp-content\/uploads\/2025\/02\/le-dan-2-200x134.jpg 200w, https:\/\/quepocamadre.com\/wp-content\/uploads\/2025\/02\/le-dan-2-300x200.jpg 300w, https:\/\/quepocamadre.com\/wp-content\/uploads\/2025\/02\/le-dan-2-350x234.jpg 350w, https:\/\/quepocamadre.com\/wp-content\/uploads\/2025\/02\/le-dan-2-450x300.jpg 450w, https:\/\/quepocamadre.com\/wp-content\/uploads\/2025\/02\/le-dan-2-500x334.jpg 500w, https:\/\/quepocamadre.com\/wp-content\/uploads\/2025\/02\/le-dan-2-550x367.jpg 550w, https:\/\/quepocamadre.com\/wp-content\/uploads\/2025\/02\/le-dan-2-800x534.jpg 800w\" sizes=\"(max-width: 1200px) 100vw, 1200px\" \/><\/a><\/p>\n<p>\u201cWicho\u201d fue detenido en el municipio de Valle de Bravo, el pasado s\u00e1bado 8 de febrero, en acci\u00f3n conjunta de la Secretar\u00eda de Seguridad estatal (SSEM) y la Fiscal\u00eda Edom\u00e9x, como parte de la \u201cOperaci\u00f3n Enjambre\u201d.<\/p>\n<p>Para su traslado al Centro Penitenciario y de Reinserci\u00f3n Social de Tenango del Valle, se cont\u00f3 con el apoyo de la Secretar\u00eda de la Defensa Nacional.<\/p>\n<p>Durante la audiencia inicial se aport\u00f3 pruebas en contra de Pedro Luis \u201cN\u201d por su posible intervenci\u00f3n de ese hecho delictivo, por ello el \u00d3rgano Jurisdiccional estableci\u00f3 dicha medida cautelar y el pr\u00f3ximo 13 de febrero ser\u00e1 determinada su situaci\u00f3n jur\u00eddica.<\/p>\n<p><a href=\"https:\/\/quepocamadre.com\/wp-content\/uploads\/2025\/02\/le-dan.jpg\"><img decoding=\"async\" class=\"aligncenter size-full wp-image-42782\" src=\"https:\/\/quepocamadre.com\/wp-content\/uploads\/2025\/02\/le-dan.jpg\" alt=\"\" width=\"1200\" height=\"801\" srcset=\"https:\/\/quepocamadre.com\/wp-content\/uploads\/2025\/02\/le-dan.jpg 1200w, https:\/\/quepocamadre.com\/wp-content\/uploads\/2025\/02\/le-dan-400x267.jpg 400w, https:\/\/quepocamadre.com\/wp-content\/uploads\/2025\/02\/le-dan-650x434.jpg 650w, https:\/\/quepocamadre.com\/wp-content\/uploads\/2025\/02\/le-dan-250x167.jpg 250w, https:\/\/quepocamadre.com\/wp-content\/uploads\/2025\/02\/le-dan-768x513.jpg 768w, https:\/\/quepocamadre.com\/wp-content\/uploads\/2025\/02\/le-dan-150x100.jpg 150w, https:\/\/quepocamadre.com\/wp-content\/uploads\/2025\/02\/le-dan-50x33.jpg 50w, https:\/\/quepocamadre.com\/wp-content\/uploads\/2025\/02\/le-dan-100x67.jpg 100w, https:\/\/quepocamadre.com\/wp-content\/uploads\/2025\/02\/le-dan-200x134.jpg 200w, https:\/\/quepocamadre.com\/wp-content\/uploads\/2025\/02\/le-dan-300x200.jpg 300w, https:\/\/quepocamadre.com\/wp-content\/uploads\/2025\/02\/le-dan-350x234.jpg 350w, https:\/\/quepocamadre.com\/wp-content\/uploads\/2025\/02\/le-dan-450x300.jpg 450w, https:\/\/quepocamadre.com\/wp-content\/uploads\/2025\/02\/le-dan-500x334.jpg 500w, https:\/\/quepocamadre.com\/wp-content\/uploads\/2025\/02\/le-dan-550x367.jpg 550w, https:\/\/quepocamadre.com\/wp-content\/uploads\/2025\/02\/le-dan-800x534.jpg 800w\" sizes=\"(max-width: 1200px) 100vw, 1200px\" \/><\/a><\/p>\n","protected":false},"excerpt":{"rendered":"<p>Recibi\u00f3 la medida tras ser acusado de ordenar a tres supuestos miembros del c\u00e1rtel de la Familia Michoacana que privaran de la libertad al suegro de una candidata a la alcald\u00eda en mayo de 2024. Una audiencia celebrada en los Juzgados de Tenango del Valle, le establecieron prisi\u00f3n preventiva para Pedro Luis \u201cN\u201d alias \u201cWicho\u201d, [&hellip;]<\/p>\n","protected":false},"author":1,"featured_media":42783,"comment_status":"open","ping_status":"open","sticky":false,"template":"","format":"standard","meta":{"footnotes":""},"categories":[102,274,292,111],"tags":[],"class_list":["post-42777","post","type-post","status-publish","format-standard","has-post-thumbnail","hentry","category-edomex","category-portada","category-santo-tomas-de-los-platanos","category-tenango-del-valle"],"_links":{"self":[{"href":"https:\/\/quepocamadre.com\/index.php?rest_route=\/wp\/v2\/posts\/42777","targetHints":{"allow":["GET"]}}],"collection":[{"href":"https:\/\/quepocamadre.com\/index.php?rest_route=\/wp\/v2\/posts"}],"about":[{"href":"https:\/\/quepocamadre.com\/index.php?rest_route=\/wp\/v2\/types\/post"}],"author":[{"embeddable":true,"href":"https:\/\/quepocamadre.com\/index.php?rest_route=\/wp\/v2\/users\/1"}],"replies":[{"embeddable":true,"href":"https:\/\/quepocamadre.com\/index.php?rest_route=%2Fwp%2Fv2%2Fcomments&post=42777"}],"version-history":[{"count":1,"href":"https:\/\/quepocamadre.com\/index.php?rest_route=\/wp\/v2\/posts\/42777\/revisions"}],"predecessor-version":[{"id":42784,"href":"https:\/\/quepocamadre.com\/index.php?rest_route=\/wp\/v2\/posts\/42777\/revisions\/42784"}],"wp:featuredmedia":[{"embeddable":true,"href":"https:\/\/quepocamadre.com\/index.php?rest_route=\/wp\/v2\/media\/42783"}],"wp:attachment":[{"href":"https:\/\/quepocamadre.com\/index.php?rest_route=%2Fwp%2Fv2%2Fmedia&parent=42777"}],"wp:term":[{"taxonomy":"category","embeddable":true,"href":"https:\/\/quepocamadre.com\/index.php?rest_route=%2Fwp%2Fv2%2Fcategories&post=42777"},{"taxonomy":"post_tag","embeddable":true,"href":"https:\/\/quepocamadre.com\/index.php?rest_route=%2Fwp%2Fv2%2Ftags&post=42777"}],"curies":[{"name":"wp","href":"https:\/\/api.w.org\/{rel}","templated":true}]}}