{"id":42769,"date":"2025-02-11T08:50:27","date_gmt":"2025-02-11T14:50:27","guid":{"rendered":"https:\/\/quepocamadre.com\/?p=42769"},"modified":"2025-02-11T08:50:27","modified_gmt":"2025-02-11T14:50:27","slug":"nada-le-parece-trump-vuelve-a-amenazar-con-aranceles-a-mexico-por-no-hacer-lo-suficiente","status":"publish","type":"post","link":"https:\/\/quepocamadre.com\/?p=42769","title":{"rendered":"\u00a1NADA LE PARECE! TRUMP VUELVE A AMENAZAR CON ARANCELES A M\u00c9XICO POR NO \u2018HACER LO SUFICIENTE\u2019"},"content":{"rendered":"<p>La tensi\u00f3n entre M\u00e9xico y Estados Unidos est\u00e1 lejos de haber terminado, pues aunque el Presidente Donald Trump suspendi\u00f3 por 30 d\u00edas los aranceles que hab\u00eda impuesto, ahora se\u00f1al\u00f3 que lo hecho hasta el momento por la Presidenta Claudia Sheinbaum en materia de seguridad en la frontera \u201cno es suficiente\u201d.<\/p>\n<p>Poco antes de viajar hacia el Super Bowl LIX la tarde del domingo 9 de febrero, el mandatario estadounidense concedi\u00f3 una entrevista a Fox News, en la que el presentador Brett Baier le pregunt\u00f3 si eran suficientes las medidas que tom\u00f3 el Gobierno de M\u00e9xico de mandar a 10 mil elementos de la Guardia Nacional a la frontera para evitar el cruce de fentanilo desde M\u00e9xico a Estados Unidos.<\/p>\n<p>\u201cNo, no es suficiente\u201d, contest\u00f3 Trump, por lo que el reportero insisti\u00f3: \u201cEntonces, necesitan hacer m\u00e1s en 30 d\u00edas (plazo que M\u00e9xico obtuvo para detener los aranceles)\u201d.<\/p>\n<p>\u201cAlgo tiene que pasar. No es sostenible y lo voy a cambiar\u201d, sentenci\u00f3 Trump.<\/p>\n<p>Fue el pasado 3 de febrero que despu\u00e9s de una llamada telef\u00f3nica entre Donald Trump y Claudia Sheinbaum se anunci\u00f3 que quedaban suspendidos por 30 d\u00edas los aranceles del 25% que Estados Unidos impuso a las importancias de productos mexicanos, con la condici\u00f3n de que nuestro pa\u00eds reforzara la seguridad para evitar el trasiego de droga a la Uni\u00f3n Americana.<\/p>\n<p>Aunado a ello, este fin de semana Trump tambi\u00e9n anunci\u00f3 aranceles del 25% a importaciones mexicanas de acero y aluminio.<\/p>\n<p>\u201cTodo el acero que llegue a Estados Unidos tendr\u00e1 el 25% de aranceles\u201d, coment\u00f3.<\/p>\n","protected":false},"excerpt":{"rendered":"<p>La tensi\u00f3n entre M\u00e9xico y Estados Unidos est\u00e1 lejos de haber terminado, pues aunque el Presidente Donald Trump suspendi\u00f3 por 30 d\u00edas los aranceles que hab\u00eda impuesto, ahora se\u00f1al\u00f3 que lo hecho hasta el momento por la Presidenta Claudia Sheinbaum en materia de seguridad en la frontera \u201cno es suficiente\u201d. Poco antes de viajar hacia [&hellip;]<\/p>\n","protected":false},"author":1,"featured_media":42775,"comment_status":"open","ping_status":"open","sticky":false,"template":"","format":"standard","meta":{"footnotes":""},"categories":[200],"tags":[],"class_list":["post-42769","post","type-post","status-publish","format-standard","has-post-thumbnail","hentry","category-internacional"],"_links":{"self":[{"href":"https:\/\/quepocamadre.com\/index.php?rest_route=\/wp\/v2\/posts\/42769","targetHints":{"allow":["GET"]}}],"collection":[{"href":"https:\/\/quepocamadre.com\/index.php?rest_route=\/wp\/v2\/posts"}],"about":[{"href":"https:\/\/quepocamadre.com\/index.php?rest_route=\/wp\/v2\/types\/post"}],"author":[{"embeddable":true,"href":"https:\/\/quepocamadre.com\/index.php?rest_route=\/wp\/v2\/users\/1"}],"replies":[{"embeddable":true,"href":"https:\/\/quepocamadre.com\/index.php?rest_route=%2Fwp%2Fv2%2Fcomments&post=42769"}],"version-history":[{"count":1,"href":"https:\/\/quepocamadre.com\/index.php?rest_route=\/wp\/v2\/posts\/42769\/revisions"}],"predecessor-version":[{"id":42776,"href":"https:\/\/quepocamadre.com\/index.php?rest_route=\/wp\/v2\/posts\/42769\/revisions\/42776"}],"wp:featuredmedia":[{"embeddable":true,"href":"https:\/\/quepocamadre.com\/index.php?rest_route=\/wp\/v2\/media\/42775"}],"wp:attachment":[{"href":"https:\/\/quepocamadre.com\/index.php?rest_route=%2Fwp%2Fv2%2Fmedia&parent=42769"}],"wp:term":[{"taxonomy":"category","embeddable":true,"href":"https:\/\/quepocamadre.com\/index.php?rest_route=%2Fwp%2Fv2%2Fcategories&post=42769"},{"taxonomy":"post_tag","embeddable":true,"href":"https:\/\/quepocamadre.com\/index.php?rest_route=%2Fwp%2Fv2%2Ftags&post=42769"}],"curies":[{"name":"wp","href":"https:\/\/api.w.org\/{rel}","templated":true}]}}