{"id":42556,"date":"2025-02-07T08:34:22","date_gmt":"2025-02-07T14:34:22","guid":{"rendered":"https:\/\/quepocamadre.com\/?p=42556"},"modified":"2025-02-08T10:58:38","modified_gmt":"2025-02-08T16:58:38","slug":"detiene-a-chava-o-chavita-por-homicidio-de-periodista","status":"publish","type":"post","link":"https:\/\/quepocamadre.com\/?p=42556","title":{"rendered":"Detienen a &#8220;Chava&#8221; o &#8220;Chavita&#8221; por homicidio de periodista"},"content":{"rendered":"<p>Luego de un enfrentamiento, Salvador &#8220;N&#8221;, conocido como &#8220;Chava&#8221; o &#8220;Chavita&#8221;, fue detenido en el municipio de Villa del Carb\u00f3n por elementos de la Fiscal\u00eda del #Edom\u00e9x como probable responsable del asesinato del periodista C.J.G., ocurrido el 17 de enero en Teoloyucan, a causa de un disparo de arma de fuego.<\/p>\n<p>Adem\u00e1s del homicidio del periodista, Salvador &#8220;N&#8221; est\u00e1 siendo investigado por su presunta participaci\u00f3n en otros cr\u00edmenes, como homicidios y robo de hidrocarburos, tanto en el Estado de M\u00e9xico como en el estado de Hidalgo, donde tambi\u00e9n existe una orden de aprehensi\u00f3n en su contra.<\/p>\n","protected":false},"excerpt":{"rendered":"<p>Luego de un enfrentamiento, Salvador &#8220;N&#8221;, conocido como &#8220;Chava&#8221; o &#8220;Chavita&#8221;, fue detenido en el municipio de Villa del Carb\u00f3n por elementos de la Fiscal\u00eda del #Edom\u00e9x como probable responsable del asesinato del periodista C.J.G., ocurrido el 17 de enero en Teoloyucan, a causa de un disparo de arma de fuego. Adem\u00e1s del homicidio del [&hellip;]<\/p>\n","protected":false},"author":1,"featured_media":42557,"comment_status":"open","ping_status":"open","sticky":false,"template":"","format":"standard","meta":{"footnotes":""},"categories":[102,269],"tags":[],"class_list":["post-42556","post","type-post","status-publish","format-standard","has-post-thumbnail","hentry","category-edomex","category-villa-del-carbon"],"_links":{"self":[{"href":"https:\/\/quepocamadre.com\/index.php?rest_route=\/wp\/v2\/posts\/42556","targetHints":{"allow":["GET"]}}],"collection":[{"href":"https:\/\/quepocamadre.com\/index.php?rest_route=\/wp\/v2\/posts"}],"about":[{"href":"https:\/\/quepocamadre.com\/index.php?rest_route=\/wp\/v2\/types\/post"}],"author":[{"embeddable":true,"href":"https:\/\/quepocamadre.com\/index.php?rest_route=\/wp\/v2\/users\/1"}],"replies":[{"embeddable":true,"href":"https:\/\/quepocamadre.com\/index.php?rest_route=%2Fwp%2Fv2%2Fcomments&post=42556"}],"version-history":[{"count":2,"href":"https:\/\/quepocamadre.com\/index.php?rest_route=\/wp\/v2\/posts\/42556\/revisions"}],"predecessor-version":[{"id":42613,"href":"https:\/\/quepocamadre.com\/index.php?rest_route=\/wp\/v2\/posts\/42556\/revisions\/42613"}],"wp:featuredmedia":[{"embeddable":true,"href":"https:\/\/quepocamadre.com\/index.php?rest_route=\/wp\/v2\/media\/42557"}],"wp:attachment":[{"href":"https:\/\/quepocamadre.com\/index.php?rest_route=%2Fwp%2Fv2%2Fmedia&parent=42556"}],"wp:term":[{"taxonomy":"category","embeddable":true,"href":"https:\/\/quepocamadre.com\/index.php?rest_route=%2Fwp%2Fv2%2Fcategories&post=42556"},{"taxonomy":"post_tag","embeddable":true,"href":"https:\/\/quepocamadre.com\/index.php?rest_route=%2Fwp%2Fv2%2Ftags&post=42556"}],"curies":[{"name":"wp","href":"https:\/\/api.w.org\/{rel}","templated":true}]}}