{"id":42131,"date":"2025-01-31T08:01:57","date_gmt":"2025-01-31T14:01:57","guid":{"rendered":"https:\/\/quepocamadre.com\/?p=42131"},"modified":"2025-01-31T08:02:31","modified_gmt":"2025-01-31T14:02:31","slug":"fueron-detenidos-ocho-canijos-pertenecian-a-grupo-criminal","status":"publish","type":"post","link":"https:\/\/quepocamadre.com\/?p=42131","title":{"rendered":"Fueron detenidos ocho canijos; pertenec\u00edan a grupo criminal"},"content":{"rendered":"<p>Detuvieron a ocho personas probables responsables de los delitos de tentativa de homicidio, secuestro, as\u00ed como portaci\u00f3n de arma de fuego y ataque peligroso, en las inmediaciones de la carretera Guadalajara &#8211; Atlacomulco; en la acci\u00f3n, decomisaron cuatro armas largas, tres celulares, un chaleco t\u00e1ctico y dos veh\u00edculos.<\/p>\n<p>En el lugar, ocurri\u00f3 un enfrentamiento entre aparentes integrantes de un grupo criminal con or\u00edgenes en el estado de Michoac\u00e1n, mismo que fue repelido por las corporaciones de seguridad.<\/p>\n<p>Las fuerzas de seguridad detuvieron a quienes dijeron llamarse Rogelio \u201cN\u201d y Eduardo \u201cN\u201d ambos de 20 a\u00f1os, Jos\u00e9 \u201cN\u201d de 31 a\u00f1os, Jos\u00e9 Luis \u201cN\u201d de 33 a\u00f1os, Noem\u00ed \u201cN\u201d de 21 a\u00f1os y Jos\u00e9 \u00c1ngel \u201cN\u201d de 18 a\u00f1os.<\/p>\n","protected":false},"excerpt":{"rendered":"<p>Detuvieron a ocho personas probables responsables de los delitos de tentativa de homicidio, secuestro, as\u00ed como portaci\u00f3n de arma de fuego y ataque peligroso, en las inmediaciones de la carretera Guadalajara &#8211; Atlacomulco; en la acci\u00f3n, decomisaron cuatro armas largas, tres celulares, un chaleco t\u00e1ctico y dos veh\u00edculos. En el lugar, ocurri\u00f3 un enfrentamiento entre [&hellip;]<\/p>\n","protected":false},"author":1,"featured_media":42134,"comment_status":"open","ping_status":"open","sticky":false,"template":"","format":"standard","meta":{"footnotes":""},"categories":[236,102],"tags":[],"class_list":["post-42131","post","type-post","status-publish","format-standard","has-post-thumbnail","hentry","category-atlacomulco","category-edomex"],"_links":{"self":[{"href":"https:\/\/quepocamadre.com\/index.php?rest_route=\/wp\/v2\/posts\/42131","targetHints":{"allow":["GET"]}}],"collection":[{"href":"https:\/\/quepocamadre.com\/index.php?rest_route=\/wp\/v2\/posts"}],"about":[{"href":"https:\/\/quepocamadre.com\/index.php?rest_route=\/wp\/v2\/types\/post"}],"author":[{"embeddable":true,"href":"https:\/\/quepocamadre.com\/index.php?rest_route=\/wp\/v2\/users\/1"}],"replies":[{"embeddable":true,"href":"https:\/\/quepocamadre.com\/index.php?rest_route=%2Fwp%2Fv2%2Fcomments&post=42131"}],"version-history":[{"count":1,"href":"https:\/\/quepocamadre.com\/index.php?rest_route=\/wp\/v2\/posts\/42131\/revisions"}],"predecessor-version":[{"id":42133,"href":"https:\/\/quepocamadre.com\/index.php?rest_route=\/wp\/v2\/posts\/42131\/revisions\/42133"}],"wp:featuredmedia":[{"embeddable":true,"href":"https:\/\/quepocamadre.com\/index.php?rest_route=\/wp\/v2\/media\/42134"}],"wp:attachment":[{"href":"https:\/\/quepocamadre.com\/index.php?rest_route=%2Fwp%2Fv2%2Fmedia&parent=42131"}],"wp:term":[{"taxonomy":"category","embeddable":true,"href":"https:\/\/quepocamadre.com\/index.php?rest_route=%2Fwp%2Fv2%2Fcategories&post=42131"},{"taxonomy":"post_tag","embeddable":true,"href":"https:\/\/quepocamadre.com\/index.php?rest_route=%2Fwp%2Fv2%2Ftags&post=42131"}],"curies":[{"name":"wp","href":"https:\/\/api.w.org\/{rel}","templated":true}]}}