{"id":41638,"date":"2025-01-22T08:41:54","date_gmt":"2025-01-22T14:41:54","guid":{"rendered":"https:\/\/quepocamadre.com\/?p=41638"},"modified":"2025-01-22T08:41:54","modified_gmt":"2025-01-22T14:41:54","slug":"los-detienen-por-guardar-armas-y-adquirir-cositas-de-manera-ilegal","status":"publish","type":"post","link":"https:\/\/quepocamadre.com\/?p=41638","title":{"rendered":"Los detienen por guardar armas y adquirir &#8220;cositas&#8221; de manera ilegal"},"content":{"rendered":"<p>Fueron detenidos Jos\u00e9 \u201cN\u201d de 18 y Mar\u00eda \u201cN\u201d de 25 a\u00f1os de edad, posiblemente implicados en delitos contra la salud, portaci\u00f3n, tr\u00e1fico y acopio de armas prohibidas y encubrimiento por receptaci\u00f3n.<\/p>\n<p>Fueron detenidos en el camino a la Joya, en la colonia Mezapa La F\u00e1brica, donde les aseguraron un arma de fuego, 27 cartuchos \u00fatiles, una caja adicional de municiones, dos pipas de vidrio que conten\u00edan una sustancia granulada de color blanco con las caracter\u00edsticas propias del cristal, una bolsa de pl\u00e1stico con el mismo narc\u00f3tico y un juego de placas de circulaci\u00f3n con alerta de hurto.<\/p>\n<p>Adem\u00e1s de un veh\u00edculo de la marca Nissan, modelo Sentra, color blanco y una motocicleta marca Vento, color amarillo con negro, ambos con reporte de robo.<\/p>\n","protected":false},"excerpt":{"rendered":"<p>Fueron detenidos Jos\u00e9 \u201cN\u201d de 18 y Mar\u00eda \u201cN\u201d de 25 a\u00f1os de edad, posiblemente implicados en delitos contra la salud, portaci\u00f3n, tr\u00e1fico y acopio de armas prohibidas y encubrimiento por receptaci\u00f3n. Fueron detenidos en el camino a la Joya, en la colonia Mezapa La F\u00e1brica, donde les aseguraron un arma de fuego, 27 cartuchos [&hellip;]<\/p>\n","protected":false},"author":1,"featured_media":41642,"comment_status":"open","ping_status":"open","sticky":false,"template":"","format":"standard","meta":{"footnotes":""},"categories":[102,270],"tags":[],"class_list":["post-41638","post","type-post","status-publish","format-standard","has-post-thumbnail","hentry","category-edomex","category-xalatlaco"],"_links":{"self":[{"href":"https:\/\/quepocamadre.com\/index.php?rest_route=\/wp\/v2\/posts\/41638","targetHints":{"allow":["GET"]}}],"collection":[{"href":"https:\/\/quepocamadre.com\/index.php?rest_route=\/wp\/v2\/posts"}],"about":[{"href":"https:\/\/quepocamadre.com\/index.php?rest_route=\/wp\/v2\/types\/post"}],"author":[{"embeddable":true,"href":"https:\/\/quepocamadre.com\/index.php?rest_route=\/wp\/v2\/users\/1"}],"replies":[{"embeddable":true,"href":"https:\/\/quepocamadre.com\/index.php?rest_route=%2Fwp%2Fv2%2Fcomments&post=41638"}],"version-history":[{"count":1,"href":"https:\/\/quepocamadre.com\/index.php?rest_route=\/wp\/v2\/posts\/41638\/revisions"}],"predecessor-version":[{"id":41643,"href":"https:\/\/quepocamadre.com\/index.php?rest_route=\/wp\/v2\/posts\/41638\/revisions\/41643"}],"wp:featuredmedia":[{"embeddable":true,"href":"https:\/\/quepocamadre.com\/index.php?rest_route=\/wp\/v2\/media\/41642"}],"wp:attachment":[{"href":"https:\/\/quepocamadre.com\/index.php?rest_route=%2Fwp%2Fv2%2Fmedia&parent=41638"}],"wp:term":[{"taxonomy":"category","embeddable":true,"href":"https:\/\/quepocamadre.com\/index.php?rest_route=%2Fwp%2Fv2%2Fcategories&post=41638"},{"taxonomy":"post_tag","embeddable":true,"href":"https:\/\/quepocamadre.com\/index.php?rest_route=%2Fwp%2Fv2%2Ftags&post=41638"}],"curies":[{"name":"wp","href":"https:\/\/api.w.org\/{rel}","templated":true}]}}