{"id":41572,"date":"2025-01-21T08:52:11","date_gmt":"2025-01-21T14:52:11","guid":{"rendered":"https:\/\/quepocamadre.com\/?p=41572"},"modified":"2025-01-21T08:52:11","modified_gmt":"2025-01-21T14:52:11","slug":"encerrados-43-anos-por-homicidio-calificado-en-tultepec","status":"publish","type":"post","link":"https:\/\/quepocamadre.com\/?p=41572","title":{"rendered":"Encerrados 43 a\u00f1os por homicidio calificado en Tultepec"},"content":{"rendered":"<p>Fueron sentenciados a 43 a\u00f1os y 9 meses de prisi\u00f3n, Luis Fernando Tello Jasso y Ramiro Ruiz Valencia, por el delito de homicidio calificado en agravio de un hombre.<\/p>\n<p>Tambi\u00e9n les impuso multa de 128 mil 326 pesos, as\u00ed como el pago de reparaci\u00f3n del da\u00f1o material por 227 mil 199 pesos y suspensi\u00f3n de sus derechos pol\u00edticos y civiles.<\/p>\n<p>Los hechos ocurrieron el 22 de marzo de 2023, cuando la v\u00edctima viajaba a bordo de su motocicleta marca Italika y al encontrarse en la calle Centenario de la colonia Amado Nervo, en el municipio de Tultepec, fue alcanzada por Ramiro Ruiz Valencia alias &#8220;El R&#8221; y Luis Fernando Tello Jasso alias &#8220;El Ceboll\u00edn&#8221;, quienes de igual forma tripulaban una motocicleta, al tener a la vista a la v\u00edctima, sac\u00f3 un arma de fuego, la cual deton\u00f3 en contra de esta, ocasion\u00e1ndole la muerte en dicho lugar.<\/p>\n","protected":false},"excerpt":{"rendered":"<p>Fueron sentenciados a 43 a\u00f1os y 9 meses de prisi\u00f3n, Luis Fernando Tello Jasso y Ramiro Ruiz Valencia, por el delito de homicidio calificado en agravio de un hombre. Tambi\u00e9n les impuso multa de 128 mil 326 pesos, as\u00ed como el pago de reparaci\u00f3n del da\u00f1o material por 227 mil 199 pesos y suspensi\u00f3n de [&hellip;]<\/p>\n","protected":false},"author":1,"featured_media":41574,"comment_status":"open","ping_status":"open","sticky":false,"template":"","format":"standard","meta":{"footnotes":""},"categories":[102,252],"tags":[],"class_list":["post-41572","post","type-post","status-publish","format-standard","has-post-thumbnail","hentry","category-edomex","category-tultepec"],"_links":{"self":[{"href":"https:\/\/quepocamadre.com\/index.php?rest_route=\/wp\/v2\/posts\/41572","targetHints":{"allow":["GET"]}}],"collection":[{"href":"https:\/\/quepocamadre.com\/index.php?rest_route=\/wp\/v2\/posts"}],"about":[{"href":"https:\/\/quepocamadre.com\/index.php?rest_route=\/wp\/v2\/types\/post"}],"author":[{"embeddable":true,"href":"https:\/\/quepocamadre.com\/index.php?rest_route=\/wp\/v2\/users\/1"}],"replies":[{"embeddable":true,"href":"https:\/\/quepocamadre.com\/index.php?rest_route=%2Fwp%2Fv2%2Fcomments&post=41572"}],"version-history":[{"count":1,"href":"https:\/\/quepocamadre.com\/index.php?rest_route=\/wp\/v2\/posts\/41572\/revisions"}],"predecessor-version":[{"id":41575,"href":"https:\/\/quepocamadre.com\/index.php?rest_route=\/wp\/v2\/posts\/41572\/revisions\/41575"}],"wp:featuredmedia":[{"embeddable":true,"href":"https:\/\/quepocamadre.com\/index.php?rest_route=\/wp\/v2\/media\/41574"}],"wp:attachment":[{"href":"https:\/\/quepocamadre.com\/index.php?rest_route=%2Fwp%2Fv2%2Fmedia&parent=41572"}],"wp:term":[{"taxonomy":"category","embeddable":true,"href":"https:\/\/quepocamadre.com\/index.php?rest_route=%2Fwp%2Fv2%2Fcategories&post=41572"},{"taxonomy":"post_tag","embeddable":true,"href":"https:\/\/quepocamadre.com\/index.php?rest_route=%2Fwp%2Fv2%2Ftags&post=41572"}],"curies":[{"name":"wp","href":"https:\/\/api.w.org\/{rel}","templated":true}]}}