{"id":40287,"date":"2025-01-01T14:10:31","date_gmt":"2025-01-01T20:10:31","guid":{"rendered":"https:\/\/quepocamadre.com\/?p=40287"},"modified":"2025-01-01T14:10:31","modified_gmt":"2025-01-01T20:10:31","slug":"%e2%80%bc%ef%b8%8fse-busca-cartera-de-dama%e2%80%bc%ef%b8%8f%f0%9f%91%9d%f0%9f%94%8d","status":"publish","type":"post","link":"https:\/\/quepocamadre.com\/?p=40287","title":{"rendered":"\u203c\ufe0fSE BUSCA CARTERA DE DAMA\u203c\ufe0f\ud83d\udc5d\ud83d\udd0d"},"content":{"rendered":"<p>#ServicioSocial.<br \/>\nPodr\u00eda apoyarme publicando el extrav\u00edo de una cartera color rosa sobre el tramo de la calle independencia en Ixtapan de la sal.<br \/>\nLleva una identificaci\u00f3n a nombre de Ana Gabriela Trujillo.<br \/>\nSi alguien la encontr\u00f3 le agradecer\u00eda nos pudiera recuperar, me interesan las identificaciones.<br \/>\nMandar inbox al face de Gaby Trujillo o ponte en contacto con la p\u00e1gina.<br \/>\n#IxtapanDeLaSal, #Edomex.<\/p>\n","protected":false},"excerpt":{"rendered":"<p>#ServicioSocial. Podr\u00eda apoyarme publicando el extrav\u00edo de una cartera color rosa sobre el tramo de la calle independencia en Ixtapan de la sal. Lleva una identificaci\u00f3n a nombre de Ana Gabriela Trujillo. Si alguien la encontr\u00f3 le agradecer\u00eda nos pudiera recuperar, me interesan las identificaciones. Mandar inbox al face de Gaby Trujillo o ponte en [&hellip;]<\/p>\n","protected":false},"author":12,"featured_media":40288,"comment_status":"open","ping_status":"open","sticky":false,"template":"","format":"standard","meta":{"footnotes":""},"categories":[110],"tags":[],"class_list":["post-40287","post","type-post","status-publish","format-standard","has-post-thumbnail","hentry","category-ixtapan-de-la-sal"],"_links":{"self":[{"href":"https:\/\/quepocamadre.com\/index.php?rest_route=\/wp\/v2\/posts\/40287","targetHints":{"allow":["GET"]}}],"collection":[{"href":"https:\/\/quepocamadre.com\/index.php?rest_route=\/wp\/v2\/posts"}],"about":[{"href":"https:\/\/quepocamadre.com\/index.php?rest_route=\/wp\/v2\/types\/post"}],"author":[{"embeddable":true,"href":"https:\/\/quepocamadre.com\/index.php?rest_route=\/wp\/v2\/users\/12"}],"replies":[{"embeddable":true,"href":"https:\/\/quepocamadre.com\/index.php?rest_route=%2Fwp%2Fv2%2Fcomments&post=40287"}],"version-history":[{"count":1,"href":"https:\/\/quepocamadre.com\/index.php?rest_route=\/wp\/v2\/posts\/40287\/revisions"}],"predecessor-version":[{"id":40289,"href":"https:\/\/quepocamadre.com\/index.php?rest_route=\/wp\/v2\/posts\/40287\/revisions\/40289"}],"wp:featuredmedia":[{"embeddable":true,"href":"https:\/\/quepocamadre.com\/index.php?rest_route=\/wp\/v2\/media\/40288"}],"wp:attachment":[{"href":"https:\/\/quepocamadre.com\/index.php?rest_route=%2Fwp%2Fv2%2Fmedia&parent=40287"}],"wp:term":[{"taxonomy":"category","embeddable":true,"href":"https:\/\/quepocamadre.com\/index.php?rest_route=%2Fwp%2Fv2%2Fcategories&post=40287"},{"taxonomy":"post_tag","embeddable":true,"href":"https:\/\/quepocamadre.com\/index.php?rest_route=%2Fwp%2Fv2%2Ftags&post=40287"}],"curies":[{"name":"wp","href":"https:\/\/api.w.org\/{rel}","templated":true}]}}