{"id":40250,"date":"2025-01-01T10:06:01","date_gmt":"2025-01-01T16:06:01","guid":{"rendered":"https:\/\/quepocamadre.com\/?p=40250"},"modified":"2025-01-01T10:07:34","modified_gmt":"2025-01-01T16:07:34","slug":"%e2%80%bc%ef%b8%8fse-busca-mochila-olvidada-en-un-taxi%e2%80%bc%ef%b8%8f%f0%9f%8e%92%f0%9f%a5%ba","status":"publish","type":"post","link":"https:\/\/quepocamadre.com\/?p=40250","title":{"rendered":"\u203c\ufe0fSE BUSCA MOCHILA OLVIDADA EN UN TAXI\u203c\ufe0f\ud83c\udf92\ud83e\udd7a"},"content":{"rendered":"<p>#ServicioSocial. \ud83d\udea8<\/p>\n<p>Se les pide de su <span class=\"misspelling correction\" title=\"Se ha encontrado un posible error ortogr\u00e1fico.\" data-type=\"misspelling\" data-suggestions=\"[{&quot;value&quot;:&quot;cooperaci\u00f3n&quot;}]\" data-rule=\"MORFOLOGIK_RULE_ES\" data-word=\"cooperacion\">cooperaci\u00f3n<\/span> para recuperar una mochila con art\u00edculos personales olvida en un taxi el d\u00eda 25 por la tarde, que se abord\u00f3 en el crucero de Ixtapan y bajaron en la gasolinera de San Alejo.<\/p>\n<p>Cualquier <span class=\"grammar correction\" title=\"\u00bfQuer\u00eda decir \u00abinformaci\u00f3n\u00bb?\" data-type=\"grammar\" data-suggestions=\"[{&quot;value&quot;:&quot;informaci\u00f3n&quot;}]\" data-rule=\"ES_SIMPLE_REPLACE_SIMPLE_INFORMACION\" data-word=\"informacion\">informaci\u00f3n<\/span> ponerse en contacto con la p\u00e1gina.<\/p>\n<p>#IxtapanDeLaSal, #Edomex.<\/p>\n","protected":false},"excerpt":{"rendered":"<p>#ServicioSocial. \ud83d\udea8 Se les pide de su cooperaci\u00f3n para recuperar una mochila con art\u00edculos personales olvida en un taxi el d\u00eda 25 por la tarde, que se abord\u00f3 en el crucero de Ixtapan y bajaron en la gasolinera de San Alejo. Cualquier informaci\u00f3n ponerse en contacto con la p\u00e1gina. #IxtapanDeLaSal, #Edomex.<\/p>\n","protected":false},"author":12,"featured_media":40251,"comment_status":"open","ping_status":"open","sticky":false,"template":"","format":"standard","meta":{"footnotes":""},"categories":[110],"tags":[],"class_list":["post-40250","post","type-post","status-publish","format-standard","has-post-thumbnail","hentry","category-ixtapan-de-la-sal"],"_links":{"self":[{"href":"https:\/\/quepocamadre.com\/index.php?rest_route=\/wp\/v2\/posts\/40250","targetHints":{"allow":["GET"]}}],"collection":[{"href":"https:\/\/quepocamadre.com\/index.php?rest_route=\/wp\/v2\/posts"}],"about":[{"href":"https:\/\/quepocamadre.com\/index.php?rest_route=\/wp\/v2\/types\/post"}],"author":[{"embeddable":true,"href":"https:\/\/quepocamadre.com\/index.php?rest_route=\/wp\/v2\/users\/12"}],"replies":[{"embeddable":true,"href":"https:\/\/quepocamadre.com\/index.php?rest_route=%2Fwp%2Fv2%2Fcomments&post=40250"}],"version-history":[{"count":3,"href":"https:\/\/quepocamadre.com\/index.php?rest_route=\/wp\/v2\/posts\/40250\/revisions"}],"predecessor-version":[{"id":40254,"href":"https:\/\/quepocamadre.com\/index.php?rest_route=\/wp\/v2\/posts\/40250\/revisions\/40254"}],"wp:featuredmedia":[{"embeddable":true,"href":"https:\/\/quepocamadre.com\/index.php?rest_route=\/wp\/v2\/media\/40251"}],"wp:attachment":[{"href":"https:\/\/quepocamadre.com\/index.php?rest_route=%2Fwp%2Fv2%2Fmedia&parent=40250"}],"wp:term":[{"taxonomy":"category","embeddable":true,"href":"https:\/\/quepocamadre.com\/index.php?rest_route=%2Fwp%2Fv2%2Fcategories&post=40250"},{"taxonomy":"post_tag","embeddable":true,"href":"https:\/\/quepocamadre.com\/index.php?rest_route=%2Fwp%2Fv2%2Ftags&post=40250"}],"curies":[{"name":"wp","href":"https:\/\/api.w.org\/{rel}","templated":true}]}}