{"id":39945,"date":"2024-12-27T16:49:09","date_gmt":"2024-12-27T22:49:09","guid":{"rendered":"https:\/\/quepocamadre.com\/?p=39945"},"modified":"2024-12-27T23:50:46","modified_gmt":"2024-12-28T05:50:46","slug":"%e2%80%bcajuste-de-cuentas-o-asalto%e2%80%bc-%f0%9f%94%ab%f0%9f%8f%83%e2%99%82%ef%b8%8f","status":"publish","type":"post","link":"https:\/\/quepocamadre.com\/?p=39945","title":{"rendered":"\u203c\u00bfAJUSTE DE CUENTAS O ASALTO?\u203c \ud83d\udd2b\ud83c\udfc3\u200d\u2642\ufe0f"},"content":{"rendered":"<p>\ud83d\udea8\ud83d\udd0aUna ri\u00f1a provocada por un supuesto asalto a un cliente, se registr\u00f3 la madrugada de este viernes en el mercado de Palmillas, localizado sobre la carretera Toluca-Atlacomulco; reportes preliminares refieren que hubo una persona herida.<br \/>\n\ud83d\ude94De acuerdo con informes, en el pasillo \u201834 E\u2019 pidieron el apoyo de la presencia policiaca debido a que una persona se encontraba herida de bala, por lo que al lugar se presentaron varios elementos de seguridad p\u00fablica. No obstante, la persona no quiso recibir atenci\u00f3n m\u00e9dica y se retir\u00f3 por sus propios medios.<br \/>\nDe acuerdo a la informaci\u00f3n recabada, un comerciante de la zona dio a conocer que efectivamente un cliente al parecer fue interceptado por al menos dos sujetos.\ud83d\udd2a<\/p>\n<p>#Atlacomulco, #Edomex.<\/p>\n","protected":false},"excerpt":{"rendered":"<p>\ud83d\udea8\ud83d\udd0aUna ri\u00f1a provocada por un supuesto asalto a un cliente, se registr\u00f3 la madrugada de este viernes en el mercado de Palmillas, localizado sobre la carretera Toluca-Atlacomulco; reportes preliminares refieren que hubo una persona herida. \ud83d\ude94De acuerdo con informes, en el pasillo \u201834 E\u2019 pidieron el apoyo de la presencia policiaca debido a que una [&hellip;]<\/p>\n","protected":false},"author":12,"featured_media":39946,"comment_status":"open","ping_status":"open","sticky":false,"template":"","format":"standard","meta":{"footnotes":""},"categories":[236],"tags":[],"class_list":["post-39945","post","type-post","status-publish","format-standard","has-post-thumbnail","hentry","category-atlacomulco"],"_links":{"self":[{"href":"https:\/\/quepocamadre.com\/index.php?rest_route=\/wp\/v2\/posts\/39945","targetHints":{"allow":["GET"]}}],"collection":[{"href":"https:\/\/quepocamadre.com\/index.php?rest_route=\/wp\/v2\/posts"}],"about":[{"href":"https:\/\/quepocamadre.com\/index.php?rest_route=\/wp\/v2\/types\/post"}],"author":[{"embeddable":true,"href":"https:\/\/quepocamadre.com\/index.php?rest_route=\/wp\/v2\/users\/12"}],"replies":[{"embeddable":true,"href":"https:\/\/quepocamadre.com\/index.php?rest_route=%2Fwp%2Fv2%2Fcomments&post=39945"}],"version-history":[{"count":1,"href":"https:\/\/quepocamadre.com\/index.php?rest_route=\/wp\/v2\/posts\/39945\/revisions"}],"predecessor-version":[{"id":39947,"href":"https:\/\/quepocamadre.com\/index.php?rest_route=\/wp\/v2\/posts\/39945\/revisions\/39947"}],"wp:featuredmedia":[{"embeddable":true,"href":"https:\/\/quepocamadre.com\/index.php?rest_route=\/wp\/v2\/media\/39946"}],"wp:attachment":[{"href":"https:\/\/quepocamadre.com\/index.php?rest_route=%2Fwp%2Fv2%2Fmedia&parent=39945"}],"wp:term":[{"taxonomy":"category","embeddable":true,"href":"https:\/\/quepocamadre.com\/index.php?rest_route=%2Fwp%2Fv2%2Fcategories&post=39945"},{"taxonomy":"post_tag","embeddable":true,"href":"https:\/\/quepocamadre.com\/index.php?rest_route=%2Fwp%2Fv2%2Ftags&post=39945"}],"curies":[{"name":"wp","href":"https:\/\/api.w.org\/{rel}","templated":true}]}}