{"id":39882,"date":"2024-12-26T17:16:39","date_gmt":"2024-12-26T23:16:39","guid":{"rendered":"https:\/\/quepocamadre.com\/?p=39882"},"modified":"2024-12-26T17:16:39","modified_gmt":"2024-12-26T23:16:39","slug":"%e2%80%bcno-alcanzaban-recalentado-por-ir-a-exceso-de-velocidad-chocaron-y-se-volcaron%e2%80%bc%f0%9f%9a%97%f0%9f%92%a5%f0%9f%9a%98","status":"publish","type":"post","link":"https:\/\/quepocamadre.com\/?p=39882","title":{"rendered":"\u203cNO ALCANZABAN RECALENTADO, POR IR A EXCESO DE VELOCIDAD CHOCARON Y SE VOLCARON\u203c\ud83d\ude97\ud83d\udca5\ud83d\ude98"},"content":{"rendered":"<div class=\"xdj266r x11i5rnm xat24cr x1mh8g0r x1vvkbs x126k92a\">\n<div dir=\"auto\"><span class=\"html-span xexx8yu x4uap5 x18d9i69 xkhd6sd x1hl2dhg x16tdsg8 x1vvkbs x3nfvp2 x1j61x8r x1fcty0u xdj266r xat24cr xgzva0m xhhsvwb xxymvpz xlup9mm x1kky2od\"><img decoding=\"async\" class=\"xz74otr\" src=\"https:\/\/static.xx.fbcdn.net\/images\/emoji.php\/v9\/tdc\/1\/16\/26a0.png\" alt=\"\u26a0\ufe0f\" width=\"16\" height=\"16\" \/>#DenunciaCiudadana <\/span><span class=\"html-span xexx8yu x4uap5 x18d9i69 xkhd6sd x1hl2dhg x16tdsg8 x1vvkbs x3nfvp2 x1j61x8r x1fcty0u xdj266r xat24cr xgzva0m xhhsvwb xxymvpz xlup9mm x1kky2od\"><img decoding=\"async\" class=\"xz74otr\" src=\"https:\/\/static.xx.fbcdn.net\/images\/emoji.php\/v9\/t45\/1\/16\/1f6a8.png\" alt=\"\ud83d\udea8\" width=\"16\" height=\"16\" \/><\/span><\/div>\n<div dir=\"auto\"><span class=\"html-span xexx8yu x4uap5 x18d9i69 xkhd6sd x1hl2dhg x16tdsg8 x1vvkbs x3nfvp2 x1j61x8r x1fcty0u xdj266r xat24cr xgzva0m xhhsvwb xxymvpz xlup9mm x1kky2od\">El d\u00eda de ayer se registr\u00f3 un fuerte choque entre dos autom\u00f3viles sobre la autopista Toluca- Atlacomulco, con direcci\u00f3n a la capital mexiquense, en Ixtlahuaca, a la altura del puente de la Pedro Le\u00f3n.<\/span><\/div>\n<\/div>\n<div class=\"x11i5rnm xat24cr x1mh8g0r x1vvkbs xtlvy1s x126k92a\">\n<div dir=\"auto\">Al parecer los veh\u00edculos circulaban a exceso de velocidad y quedaron volcados en el acotamiento, se desconoce si hay v\u00edctimas mortales.<\/div>\n<div dir=\"auto\">#Ixtlahuaca, #Atlacomulco, #Edomex.<\/div>\n<\/div>\n","protected":false},"excerpt":{"rendered":"<p>#DenunciaCiudadana El d\u00eda de ayer se registr\u00f3 un fuerte choque entre dos autom\u00f3viles sobre la autopista Toluca- Atlacomulco, con direcci\u00f3n a la capital mexiquense, en Ixtlahuaca, a la altura del puente de la Pedro Le\u00f3n. Al parecer los veh\u00edculos circulaban a exceso de velocidad y quedaron volcados en el acotamiento, se desconoce si hay v\u00edctimas [&hellip;]<\/p>\n","protected":false},"author":12,"featured_media":39883,"comment_status":"open","ping_status":"open","sticky":false,"template":"","format":"standard","meta":{"footnotes":""},"categories":[257],"tags":[],"class_list":["post-39882","post","type-post","status-publish","format-standard","has-post-thumbnail","hentry","category-ixtlahuaca"],"_links":{"self":[{"href":"https:\/\/quepocamadre.com\/index.php?rest_route=\/wp\/v2\/posts\/39882","targetHints":{"allow":["GET"]}}],"collection":[{"href":"https:\/\/quepocamadre.com\/index.php?rest_route=\/wp\/v2\/posts"}],"about":[{"href":"https:\/\/quepocamadre.com\/index.php?rest_route=\/wp\/v2\/types\/post"}],"author":[{"embeddable":true,"href":"https:\/\/quepocamadre.com\/index.php?rest_route=\/wp\/v2\/users\/12"}],"replies":[{"embeddable":true,"href":"https:\/\/quepocamadre.com\/index.php?rest_route=%2Fwp%2Fv2%2Fcomments&post=39882"}],"version-history":[{"count":1,"href":"https:\/\/quepocamadre.com\/index.php?rest_route=\/wp\/v2\/posts\/39882\/revisions"}],"predecessor-version":[{"id":39884,"href":"https:\/\/quepocamadre.com\/index.php?rest_route=\/wp\/v2\/posts\/39882\/revisions\/39884"}],"wp:featuredmedia":[{"embeddable":true,"href":"https:\/\/quepocamadre.com\/index.php?rest_route=\/wp\/v2\/media\/39883"}],"wp:attachment":[{"href":"https:\/\/quepocamadre.com\/index.php?rest_route=%2Fwp%2Fv2%2Fmedia&parent=39882"}],"wp:term":[{"taxonomy":"category","embeddable":true,"href":"https:\/\/quepocamadre.com\/index.php?rest_route=%2Fwp%2Fv2%2Fcategories&post=39882"},{"taxonomy":"post_tag","embeddable":true,"href":"https:\/\/quepocamadre.com\/index.php?rest_route=%2Fwp%2Fv2%2Ftags&post=39882"}],"curies":[{"name":"wp","href":"https:\/\/api.w.org\/{rel}","templated":true}]}}