{"id":38283,"date":"2024-12-02T14:41:25","date_gmt":"2024-12-02T14:41:25","guid":{"rendered":"https:\/\/quepocamadre.com\/?p=38283"},"modified":"2024-12-02T14:41:25","modified_gmt":"2024-12-02T14:41:25","slug":"conductores-de-estafeta-causan-accidente-y-agreden-con-cinturon-y-un-baston-a-la-victima","status":"publish","type":"post","link":"https:\/\/quepocamadre.com\/?p=38283","title":{"rendered":"CONDUCTORES DE ESTAFETA CAUSAN ACCIDENTE Y AGREDEN CON CINTUR\u00d3N Y UN BAST\u00d3N A LA V\u00cdCTIMA"},"content":{"rendered":"<p>Un video que circula en redes sociales muestra a conductores de Estafeta, quienes, despu\u00e9s de causar un accidente vial, se ponen agresivos con la v\u00edctima, y lo agreden f\u00edsicamente. A pesar de ser responsables del choque, los agresores no solo se mostraron hostiles, sino que atacaron al afectado.<\/p>\n<p>Seg\u00fan el testigo, los hechos ocurrieron este domingo, sobre Paseo Tollocan en Toluca, Edom\u00e9x, casi a una altura del Price Shoes.<\/p>\n<p>&nbsp;<\/p>\n","protected":false},"excerpt":{"rendered":"<p>Un video que circula en redes sociales muestra a conductores de Estafeta, quienes, despu\u00e9s de causar un accidente vial, se ponen agresivos con la v\u00edctima, y lo agreden f\u00edsicamente. A pesar de ser responsables del choque, los agresores no solo se mostraron hostiles, sino que atacaron al afectado. Seg\u00fan el testigo, los hechos ocurrieron este [&hellip;]<\/p>\n","protected":false},"author":1,"featured_media":38287,"comment_status":"open","ping_status":"open","sticky":false,"template":"","format":"standard","meta":{"footnotes":""},"categories":[102,103],"tags":[],"class_list":["post-38283","post","type-post","status-publish","format-standard","has-post-thumbnail","hentry","category-edomex","category-toluca"],"_links":{"self":[{"href":"https:\/\/quepocamadre.com\/index.php?rest_route=\/wp\/v2\/posts\/38283","targetHints":{"allow":["GET"]}}],"collection":[{"href":"https:\/\/quepocamadre.com\/index.php?rest_route=\/wp\/v2\/posts"}],"about":[{"href":"https:\/\/quepocamadre.com\/index.php?rest_route=\/wp\/v2\/types\/post"}],"author":[{"embeddable":true,"href":"https:\/\/quepocamadre.com\/index.php?rest_route=\/wp\/v2\/users\/1"}],"replies":[{"embeddable":true,"href":"https:\/\/quepocamadre.com\/index.php?rest_route=%2Fwp%2Fv2%2Fcomments&post=38283"}],"version-history":[{"count":1,"href":"https:\/\/quepocamadre.com\/index.php?rest_route=\/wp\/v2\/posts\/38283\/revisions"}],"predecessor-version":[{"id":38288,"href":"https:\/\/quepocamadre.com\/index.php?rest_route=\/wp\/v2\/posts\/38283\/revisions\/38288"}],"wp:featuredmedia":[{"embeddable":true,"href":"https:\/\/quepocamadre.com\/index.php?rest_route=\/wp\/v2\/media\/38287"}],"wp:attachment":[{"href":"https:\/\/quepocamadre.com\/index.php?rest_route=%2Fwp%2Fv2%2Fmedia&parent=38283"}],"wp:term":[{"taxonomy":"category","embeddable":true,"href":"https:\/\/quepocamadre.com\/index.php?rest_route=%2Fwp%2Fv2%2Fcategories&post=38283"},{"taxonomy":"post_tag","embeddable":true,"href":"https:\/\/quepocamadre.com\/index.php?rest_route=%2Fwp%2Fv2%2Ftags&post=38283"}],"curies":[{"name":"wp","href":"https:\/\/api.w.org\/{rel}","templated":true}]}}