{"id":37477,"date":"2024-11-14T19:03:38","date_gmt":"2024-11-14T19:03:38","guid":{"rendered":"https:\/\/quepocamadre.com\/?p=37477"},"modified":"2024-11-14T19:03:38","modified_gmt":"2024-11-14T19:03:38","slug":"deterror%e2%80%bc%ef%b8%8f%f0%9f%98%b1-dejan-cadaver-en-cachit0s-en-calles-de-mexicaltzingo-%e2%98%a0%ef%b8%8f%f0%9f%9a%94","status":"publish","type":"post","link":"https:\/\/quepocamadre.com\/?p=37477","title":{"rendered":"#DeTerror\u203c\ufe0f\ud83d\ude31 DEJAN CAD\u00c1VER EN CACHIT0S EN CALLES DE #Mexicaltzingo \u2620\ufe0f\ud83d\ude94"},"content":{"rendered":"<div class=\"\" data-block=\"true\" data-editor=\"d4p68\" data-offset-key=\"22go8-0-0\">\n<div class=\"public-DraftStyleDefault-block public-DraftStyleDefault-ltr\" data-offset-key=\"22go8-0-0\"><span data-offset-key=\"4d8ed-0-0\">Este <\/span><span data-offset-key=\"4d8ed-1-0\">#Jueves<\/span><span data-offset-key=\"4d8ed-2-0\"> 3 bolsas de pl\u00e1stico con rest0s humanos al interior, fueron localizados entre las calles Josefa Ortiz y R\u00edo el Arenal, en la Colonia San Jos\u00e9, municipio de Mexicaltzingo, <\/span><span data-offset-key=\"4d8ed-3-0\">#Edomex<\/span><span data-offset-key=\"4d8ed-4-0\">.<\/span><\/div>\n<\/div>\n<div class=\"\" data-block=\"true\" data-editor=\"d4p68\" data-offset-key=\"addeu-0-0\">\n<div class=\"public-DraftStyleDefault-block public-DraftStyleDefault-ltr\" data-offset-key=\"addeu-0-0\"><span data-offset-key=\"addeu-0-0\">\u00a0<\/span><\/div>\n<\/div>\n<div class=\"\" data-block=\"true\" data-editor=\"d4p68\" data-offset-key=\"bl8fg-0-0\">\n<div class=\"public-DraftStyleDefault-block public-DraftStyleDefault-ltr\" data-offset-key=\"bl8fg-0-0\"><span data-offset-key=\"bl8fg-0-0\">En una de l<\/span><span data-offset-key=\"bl8fg-0-1\">as bolsas se pod\u00eda alcanzar a ver parte del rostro de un hombre. Elementos de la <\/span><span data-offset-key=\"bl8fg-1-0\">@SS<\/span><span data-offset-key=\"bl8fg-2-0\">.Edomex y <\/span><span data-offset-key=\"bl8fg-3-0\">#Polic\u00edaEstatal<\/span><span data-offset-key=\"bl8fg-4-0\">, acordonaron el lugar y dieron parte a la <\/span><span data-offset-key=\"bl8fg-5-0\">@FiscaliaEdomex<\/span><span data-offset-key=\"bl8fg-6-0\">, para que realizaran las diligencias correspondientes.<\/span><\/div>\n<\/div>\n<div data-offset-key=\"bl8fg-0-0\"><\/div>\n<div data-offset-key=\"bl8fg-0-0\"><a href=\"https:\/\/quepocamadre.com\/?attachment_id=37478\" rel=\"attachment wp-att-37478\"><img fetchpriority=\"high\" decoding=\"async\" class=\"alignnone size-medium wp-image-37478\" src=\"https:\/\/quepocamadre.com\/wp-content\/uploads\/2024\/11\/PORTADA-2-1-400x225.png\" alt=\"\" width=\"300\" height=\"169\" srcset=\"https:\/\/quepocamadre.com\/wp-content\/uploads\/2024\/11\/PORTADA-2-1-400x225.png 400w, https:\/\/quepocamadre.com\/wp-content\/uploads\/2024\/11\/PORTADA-2-1-650x366.png 650w, https:\/\/quepocamadre.com\/wp-content\/uploads\/2024\/11\/PORTADA-2-1-250x141.png 250w, https:\/\/quepocamadre.com\/wp-content\/uploads\/2024\/11\/PORTADA-2-1-768x432.png 768w, https:\/\/quepocamadre.com\/wp-content\/uploads\/2024\/11\/PORTADA-2-1-1536x864.png 1536w, https:\/\/quepocamadre.com\/wp-content\/uploads\/2024\/11\/PORTADA-2-1-150x84.png 150w, https:\/\/quepocamadre.com\/wp-content\/uploads\/2024\/11\/PORTADA-2-1-50x28.png 50w, https:\/\/quepocamadre.com\/wp-content\/uploads\/2024\/11\/PORTADA-2-1-100x56.png 100w, https:\/\/quepocamadre.com\/wp-content\/uploads\/2024\/11\/PORTADA-2-1-200x113.png 200w, https:\/\/quepocamadre.com\/wp-content\/uploads\/2024\/11\/PORTADA-2-1-300x169.png 300w, https:\/\/quepocamadre.com\/wp-content\/uploads\/2024\/11\/PORTADA-2-1-350x197.png 350w, https:\/\/quepocamadre.com\/wp-content\/uploads\/2024\/11\/PORTADA-2-1-450x253.png 450w, https:\/\/quepocamadre.com\/wp-content\/uploads\/2024\/11\/PORTADA-2-1-500x281.png 500w, https:\/\/quepocamadre.com\/wp-content\/uploads\/2024\/11\/PORTADA-2-1-550x309.png 550w, https:\/\/quepocamadre.com\/wp-content\/uploads\/2024\/11\/PORTADA-2-1-800x450.png 800w, https:\/\/quepocamadre.com\/wp-content\/uploads\/2024\/11\/PORTADA-2-1-1200x675.png 1200w, https:\/\/quepocamadre.com\/wp-content\/uploads\/2024\/11\/PORTADA-2-1-1600x900.png 1600w, https:\/\/quepocamadre.com\/wp-content\/uploads\/2024\/11\/PORTADA-2-1.png 1920w\" sizes=\"(max-width: 300px) 100vw, 300px\" \/><\/a> <a href=\"https:\/\/quepocamadre.com\/?attachment_id=37479\" rel=\"attachment wp-att-37479\"><img decoding=\"async\" class=\"alignnone size-medium wp-image-37479\" src=\"https:\/\/quepocamadre.com\/wp-content\/uploads\/2024\/11\/PORTADA-3-400x225.png\" alt=\"\" width=\"300\" height=\"169\" srcset=\"https:\/\/quepocamadre.com\/wp-content\/uploads\/2024\/11\/PORTADA-3-400x225.png 400w, https:\/\/quepocamadre.com\/wp-content\/uploads\/2024\/11\/PORTADA-3-650x366.png 650w, https:\/\/quepocamadre.com\/wp-content\/uploads\/2024\/11\/PORTADA-3-250x141.png 250w, https:\/\/quepocamadre.com\/wp-content\/uploads\/2024\/11\/PORTADA-3-768x432.png 768w, https:\/\/quepocamadre.com\/wp-content\/uploads\/2024\/11\/PORTADA-3-1536x864.png 1536w, https:\/\/quepocamadre.com\/wp-content\/uploads\/2024\/11\/PORTADA-3-150x84.png 150w, https:\/\/quepocamadre.com\/wp-content\/uploads\/2024\/11\/PORTADA-3-50x28.png 50w, https:\/\/quepocamadre.com\/wp-content\/uploads\/2024\/11\/PORTADA-3-100x56.png 100w, https:\/\/quepocamadre.com\/wp-content\/uploads\/2024\/11\/PORTADA-3-200x113.png 200w, https:\/\/quepocamadre.com\/wp-content\/uploads\/2024\/11\/PORTADA-3-300x169.png 300w, https:\/\/quepocamadre.com\/wp-content\/uploads\/2024\/11\/PORTADA-3-350x197.png 350w, https:\/\/quepocamadre.com\/wp-content\/uploads\/2024\/11\/PORTADA-3-450x253.png 450w, https:\/\/quepocamadre.com\/wp-content\/uploads\/2024\/11\/PORTADA-3-500x281.png 500w, https:\/\/quepocamadre.com\/wp-content\/uploads\/2024\/11\/PORTADA-3-550x309.png 550w, https:\/\/quepocamadre.com\/wp-content\/uploads\/2024\/11\/PORTADA-3-800x450.png 800w, https:\/\/quepocamadre.com\/wp-content\/uploads\/2024\/11\/PORTADA-3-1200x675.png 1200w, https:\/\/quepocamadre.com\/wp-content\/uploads\/2024\/11\/PORTADA-3-1600x900.png 1600w, https:\/\/quepocamadre.com\/wp-content\/uploads\/2024\/11\/PORTADA-3.png 1920w\" sizes=\"(max-width: 300px) 100vw, 300px\" \/><\/a><\/div>\n<div class=\"\" data-block=\"true\" data-editor=\"d4p68\" data-offset-key=\"3dmo0-0-0\"><\/div>\n","protected":false},"excerpt":{"rendered":"<p>Este #Jueves 3 bolsas de pl\u00e1stico con rest0s humanos al interior, fueron localizados entre las calles Josefa Ortiz y R\u00edo el Arenal, en la Colonia San Jos\u00e9, municipio de Mexicaltzingo, #Edomex. \u00a0 En una de las bolsas se pod\u00eda alcanzar a ver parte del rostro de un hombre. Elementos de la @SS.Edomex y #Polic\u00edaEstatal, acordonaron [&hellip;]<\/p>\n","protected":false},"author":12,"featured_media":37481,"comment_status":"open","ping_status":"open","sticky":false,"template":"","format":"standard","meta":{"footnotes":""},"categories":[102,115],"tags":[],"class_list":["post-37477","post","type-post","status-publish","format-standard","has-post-thumbnail","hentry","category-edomex","category-mexicaltzingo"],"_links":{"self":[{"href":"https:\/\/quepocamadre.com\/index.php?rest_route=\/wp\/v2\/posts\/37477","targetHints":{"allow":["GET"]}}],"collection":[{"href":"https:\/\/quepocamadre.com\/index.php?rest_route=\/wp\/v2\/posts"}],"about":[{"href":"https:\/\/quepocamadre.com\/index.php?rest_route=\/wp\/v2\/types\/post"}],"author":[{"embeddable":true,"href":"https:\/\/quepocamadre.com\/index.php?rest_route=\/wp\/v2\/users\/12"}],"replies":[{"embeddable":true,"href":"https:\/\/quepocamadre.com\/index.php?rest_route=%2Fwp%2Fv2%2Fcomments&post=37477"}],"version-history":[{"count":1,"href":"https:\/\/quepocamadre.com\/index.php?rest_route=\/wp\/v2\/posts\/37477\/revisions"}],"predecessor-version":[{"id":37482,"href":"https:\/\/quepocamadre.com\/index.php?rest_route=\/wp\/v2\/posts\/37477\/revisions\/37482"}],"wp:featuredmedia":[{"embeddable":true,"href":"https:\/\/quepocamadre.com\/index.php?rest_route=\/wp\/v2\/media\/37481"}],"wp:attachment":[{"href":"https:\/\/quepocamadre.com\/index.php?rest_route=%2Fwp%2Fv2%2Fmedia&parent=37477"}],"wp:term":[{"taxonomy":"category","embeddable":true,"href":"https:\/\/quepocamadre.com\/index.php?rest_route=%2Fwp%2Fv2%2Fcategories&post=37477"},{"taxonomy":"post_tag","embeddable":true,"href":"https:\/\/quepocamadre.com\/index.php?rest_route=%2Fwp%2Fv2%2Ftags&post=37477"}],"curies":[{"name":"wp","href":"https:\/\/api.w.org\/{rel}","templated":true}]}}