{"id":37190,"date":"2024-11-11T14:20:31","date_gmt":"2024-11-11T14:20:31","guid":{"rendered":"https:\/\/quepocamadre.com\/?p=37190"},"modified":"2024-11-11T14:20:31","modified_gmt":"2024-11-11T14:20:31","slug":"por-poco-y-se-cae-trailer-queda-suspendido-por-un-suspiro","status":"publish","type":"post","link":"https:\/\/quepocamadre.com\/?p=37190","title":{"rendered":"\u00a1POR POCO Y SE CAE! tr\u00e1iler queda suspendido por un suspiro"},"content":{"rendered":"<p>Un tr\u00e1iler cay\u00f3 de un puente en la autopista M\u00e9xico-Quer\u00e9taro, lo que caus\u00f3 una fuerte carga vehicular a la altura de Polotitl\u00e1n y barrio L\u00e1zaro C\u00e1rdenas, con direcci\u00f3n a la Ciudad de M\u00e9xico.<\/p>\n<p>No se conocen las causas del accidente, pero se pudo observar como congalba la mitad del tr\u00e1iler desde el puente cerca del kil\u00f3metro 137, con la parte de la cabina estrellada contra el suelo.<\/p>\n<p>El conductor de la unidad s\u00f3lo result\u00f3 herido y no hab\u00eda m\u00e1s personas en el lugar que hubieran podido resultar afectadas<\/p>\n<p><a href=\"https:\/\/quepocamadre.com\/wp-content\/uploads\/2024\/11\/por-poco.jpg\"><img fetchpriority=\"high\" decoding=\"async\" class=\"aligncenter size-full wp-image-37195\" src=\"https:\/\/quepocamadre.com\/wp-content\/uploads\/2024\/11\/por-poco.jpg\" alt=\"\" width=\"1200\" height=\"801\" srcset=\"https:\/\/quepocamadre.com\/wp-content\/uploads\/2024\/11\/por-poco.jpg 1200w, https:\/\/quepocamadre.com\/wp-content\/uploads\/2024\/11\/por-poco-400x267.jpg 400w, https:\/\/quepocamadre.com\/wp-content\/uploads\/2024\/11\/por-poco-650x434.jpg 650w, https:\/\/quepocamadre.com\/wp-content\/uploads\/2024\/11\/por-poco-250x167.jpg 250w, https:\/\/quepocamadre.com\/wp-content\/uploads\/2024\/11\/por-poco-768x513.jpg 768w, https:\/\/quepocamadre.com\/wp-content\/uploads\/2024\/11\/por-poco-150x100.jpg 150w, https:\/\/quepocamadre.com\/wp-content\/uploads\/2024\/11\/por-poco-50x33.jpg 50w, https:\/\/quepocamadre.com\/wp-content\/uploads\/2024\/11\/por-poco-100x67.jpg 100w, https:\/\/quepocamadre.com\/wp-content\/uploads\/2024\/11\/por-poco-200x134.jpg 200w, https:\/\/quepocamadre.com\/wp-content\/uploads\/2024\/11\/por-poco-300x200.jpg 300w, https:\/\/quepocamadre.com\/wp-content\/uploads\/2024\/11\/por-poco-350x234.jpg 350w, https:\/\/quepocamadre.com\/wp-content\/uploads\/2024\/11\/por-poco-450x300.jpg 450w, https:\/\/quepocamadre.com\/wp-content\/uploads\/2024\/11\/por-poco-500x334.jpg 500w, https:\/\/quepocamadre.com\/wp-content\/uploads\/2024\/11\/por-poco-550x367.jpg 550w, https:\/\/quepocamadre.com\/wp-content\/uploads\/2024\/11\/por-poco-800x534.jpg 800w\" sizes=\"(max-width: 1200px) 100vw, 1200px\" \/><\/a><\/p>\n","protected":false},"excerpt":{"rendered":"<p>Un tr\u00e1iler cay\u00f3 de un puente en la autopista M\u00e9xico-Quer\u00e9taro, lo que caus\u00f3 una fuerte carga vehicular a la altura de Polotitl\u00e1n y barrio L\u00e1zaro C\u00e1rdenas, con direcci\u00f3n a la Ciudad de M\u00e9xico. No se conocen las causas del accidente, pero se pudo observar como congalba la mitad del tr\u00e1iler desde el puente cerca del [&hellip;]<\/p>\n","protected":false},"author":1,"featured_media":37194,"comment_status":"open","ping_status":"open","sticky":false,"template":"","format":"standard","meta":{"footnotes":""},"categories":[124,179],"tags":[],"class_list":["post-37190","post","type-post","status-publish","format-standard","has-post-thumbnail","hentry","category-nacional","category-qr"],"_links":{"self":[{"href":"https:\/\/quepocamadre.com\/index.php?rest_route=\/wp\/v2\/posts\/37190","targetHints":{"allow":["GET"]}}],"collection":[{"href":"https:\/\/quepocamadre.com\/index.php?rest_route=\/wp\/v2\/posts"}],"about":[{"href":"https:\/\/quepocamadre.com\/index.php?rest_route=\/wp\/v2\/types\/post"}],"author":[{"embeddable":true,"href":"https:\/\/quepocamadre.com\/index.php?rest_route=\/wp\/v2\/users\/1"}],"replies":[{"embeddable":true,"href":"https:\/\/quepocamadre.com\/index.php?rest_route=%2Fwp%2Fv2%2Fcomments&post=37190"}],"version-history":[{"count":1,"href":"https:\/\/quepocamadre.com\/index.php?rest_route=\/wp\/v2\/posts\/37190\/revisions"}],"predecessor-version":[{"id":37196,"href":"https:\/\/quepocamadre.com\/index.php?rest_route=\/wp\/v2\/posts\/37190\/revisions\/37196"}],"wp:featuredmedia":[{"embeddable":true,"href":"https:\/\/quepocamadre.com\/index.php?rest_route=\/wp\/v2\/media\/37194"}],"wp:attachment":[{"href":"https:\/\/quepocamadre.com\/index.php?rest_route=%2Fwp%2Fv2%2Fmedia&parent=37190"}],"wp:term":[{"taxonomy":"category","embeddable":true,"href":"https:\/\/quepocamadre.com\/index.php?rest_route=%2Fwp%2Fv2%2Fcategories&post=37190"},{"taxonomy":"post_tag","embeddable":true,"href":"https:\/\/quepocamadre.com\/index.php?rest_route=%2Fwp%2Fv2%2Ftags&post=37190"}],"curies":[{"name":"wp","href":"https:\/\/api.w.org\/{rel}","templated":true}]}}