{"id":36646,"date":"2024-10-31T15:08:06","date_gmt":"2024-10-31T15:08:06","guid":{"rendered":"https:\/\/quepocamadre.com\/?p=36646"},"modified":"2024-10-31T15:08:06","modified_gmt":"2024-10-31T15:08:06","slug":"detienen-a-presunto-feminicida-se-habria-cargado-a-su-propia-hermana","status":"publish","type":"post","link":"https:\/\/quepocamadre.com\/?p=36646","title":{"rendered":"Detienen a presunto feminicida se habr\u00eda cargado a su propia hermana"},"content":{"rendered":"<p>La Fiscal\u00eda General de Justicia del Estado de M\u00e9xico y la Secretar\u00eda de Seguridad y Protecci\u00f3n Ciudadana, cumpliment\u00f3 orden de aprehensi\u00f3n en contra de Rafael \u201cN\u201d de 68 a\u00f1os, investigado por el hecho delictivo de feminicidio en agravio de su hermana.<\/p>\n<p>El il\u00edcito lo habr\u00eda perpetrado el pasado 15 de julio al interior de una vivienda ubicada en calle Sim\u00f3n Bol\u00edvar, colonia El Capul\u00edn, en Soyaniquilpan, Edom\u00e9x. Fue ingresado al Centro Penitenciario y de Reinserci\u00f3n Social de Jilotepec, a disposici\u00f3n de la Autoridad Judicial.<\/p>\n","protected":false},"excerpt":{"rendered":"<p>La Fiscal\u00eda General de Justicia del Estado de M\u00e9xico y la Secretar\u00eda de Seguridad y Protecci\u00f3n Ciudadana, cumpliment\u00f3 orden de aprehensi\u00f3n en contra de Rafael \u201cN\u201d de 68 a\u00f1os, investigado por el hecho delictivo de feminicidio en agravio de su hermana. El il\u00edcito lo habr\u00eda perpetrado el pasado 15 de julio al interior de una [&hellip;]<\/p>\n","protected":false},"author":1,"featured_media":36650,"comment_status":"open","ping_status":"open","sticky":false,"template":"","format":"standard","meta":{"footnotes":""},"categories":[102,279],"tags":[],"class_list":["post-36646","post","type-post","status-publish","format-standard","has-post-thumbnail","hentry","category-edomex","category-soyaniquilpan"],"_links":{"self":[{"href":"https:\/\/quepocamadre.com\/index.php?rest_route=\/wp\/v2\/posts\/36646","targetHints":{"allow":["GET"]}}],"collection":[{"href":"https:\/\/quepocamadre.com\/index.php?rest_route=\/wp\/v2\/posts"}],"about":[{"href":"https:\/\/quepocamadre.com\/index.php?rest_route=\/wp\/v2\/types\/post"}],"author":[{"embeddable":true,"href":"https:\/\/quepocamadre.com\/index.php?rest_route=\/wp\/v2\/users\/1"}],"replies":[{"embeddable":true,"href":"https:\/\/quepocamadre.com\/index.php?rest_route=%2Fwp%2Fv2%2Fcomments&post=36646"}],"version-history":[{"count":1,"href":"https:\/\/quepocamadre.com\/index.php?rest_route=\/wp\/v2\/posts\/36646\/revisions"}],"predecessor-version":[{"id":36651,"href":"https:\/\/quepocamadre.com\/index.php?rest_route=\/wp\/v2\/posts\/36646\/revisions\/36651"}],"wp:featuredmedia":[{"embeddable":true,"href":"https:\/\/quepocamadre.com\/index.php?rest_route=\/wp\/v2\/media\/36650"}],"wp:attachment":[{"href":"https:\/\/quepocamadre.com\/index.php?rest_route=%2Fwp%2Fv2%2Fmedia&parent=36646"}],"wp:term":[{"taxonomy":"category","embeddable":true,"href":"https:\/\/quepocamadre.com\/index.php?rest_route=%2Fwp%2Fv2%2Fcategories&post=36646"},{"taxonomy":"post_tag","embeddable":true,"href":"https:\/\/quepocamadre.com\/index.php?rest_route=%2Fwp%2Fv2%2Ftags&post=36646"}],"curies":[{"name":"wp","href":"https:\/\/api.w.org\/{rel}","templated":true}]}}