{"id":36144,"date":"2024-10-24T16:55:26","date_gmt":"2024-10-24T16:55:26","guid":{"rendered":"https:\/\/quepocamadre.com\/?p=36144"},"modified":"2024-10-24T16:55:26","modified_gmt":"2024-10-24T16:55:26","slug":"sabiasque%e2%80%bc%ef%b8%8f%f0%9f%9a%a8-te-presentamos-a-solovino-el-perrito-de-santa-maria-rayon-%f0%9f%90%b6%f0%9f%a5%b0%e2%9d%a4%ef%b8%8f","status":"publish","type":"post","link":"https:\/\/quepocamadre.com\/?p=36144","title":{"rendered":"#SabiasQue\u203c\ufe0f\ud83d\udea8 TE PRESENTAMOS A #Solovino, EL PERRITO DE SANTA MAR\u00cdA RAY\u00d3N \ud83d\udc36\ud83e\udd70\u2764\ufe0f"},"content":{"rendered":"<div class=\"\" data-block=\"true\" data-editor=\"f4ccu\" data-offset-key=\"43ghi-0-0\">\n<div class=\"public-DraftStyleDefault-block public-DraftStyleDefault-ltr\" data-offset-key=\"43ghi-0-0\"><span data-offset-key=\"b39nh-0-0\">Solovino es un <\/span><span data-offset-key=\"b39nh-1-0\">#perrito<\/span><span data-offset-key=\"b39nh-2-0\"> callejero que si bien no tiene un due\u00f1o espec\u00edfico, fue nombrado perro de la comunidad de Santa Mar\u00eda <\/span><span data-offset-key=\"b39nh-3-0\">#Ray\u00f3n<\/span><span data-offset-key=\"b39nh-4-0\">, <\/span><span data-offset-key=\"b39nh-5-0\">#Edomex<\/span><span data-offset-key=\"b39nh-6-0\">, en el a\u00f1o 2023.<\/span><\/div>\n<\/div>\n<div class=\"\" data-block=\"true\" data-editor=\"f4ccu\" data-offset-key=\"dic5k-0-0\">\n<div class=\"public-DraftStyleDefault-block public-DraftStyleDefault-ltr\" data-offset-key=\"dic5k-0-0\"><span data-offset-key=\"dic5k-0-0\">\u00a0<\/span><\/div>\n<\/div>\n<div class=\"\" data-block=\"true\" data-editor=\"f4ccu\" data-offset-key=\"3qgpo-0-0\">\n<div class=\"public-DraftStyleDefault-block public-DraftStyleDefault-ltr\" data-offset-key=\"3qgpo-0-0\"><span data-offset-key=\"3qgpo-0-0\">Esta es su <\/span><span data-offset-key=\"3qgpo-1-0\">#Historia<\/span> <span data-offset-key=\"3qgpo-3-0\">\ud83d\udc47<\/span><span data-offset-key=\"3qgpo-4-0\">\ud83e\udd70<\/span><\/div>\n<\/div>\n<div class=\"\" data-block=\"true\" data-editor=\"f4ccu\" data-offset-key=\"8jn09-0-0\">\n<div class=\"public-DraftStyleDefault-block public-DraftStyleDefault-ltr\" data-offset-key=\"8jn09-0-0\"><span data-offset-key=\"8jn09-0-0\">Los familia<\/span><span data-offset-key=\"8jn09-0-1\">res de Carlos, alias &#8220;Solovino&#8221;, vinieron a darlo a luz en nuestra comunidad, (ten\u00eda un hermano muy juguet\u00f3n llamado Kevin, pero un d\u00eda no se le volvi\u00f3 a ver), este <\/span><span data-offset-key=\"8jn09-1-0\">#Lomito<\/span><span data-offset-key=\"8jn09-2-0\"> se refugiaba en los locales del centro a cambio de protegerlos de cualquier amenaza, vecinos aseguran que un d\u00eda se le vio a Solovino defendiendo a un trabajador de la tienda de regalos, en los locales del artista Apolo Mart\u00ednez.<\/span><\/div>\n<\/div>\n<div class=\"\" data-block=\"true\" data-editor=\"f4ccu\" data-offset-key=\"96i2e-0-0\">\n<div class=\"public-DraftStyleDefault-block public-DraftStyleDefault-ltr\" data-offset-key=\"96i2e-0-0\"><span data-offset-key=\"96i2e-0-0\">\u00a0<\/span><\/div>\n<\/div>\n<div class=\"\" data-block=\"true\" data-editor=\"f4ccu\" data-offset-key=\"3860s-0-0\">\n<div class=\"public-DraftStyleDefault-block public-DraftStyleDefault-ltr\" data-offset-key=\"3860s-0-0\"><span data-offset-key=\"3860s-0-0\">Se le comunica a toda la comunidad que si lo ven no le hagan da\u00f1o y mucho menos le quiten su collar ya que ah\u00ed viene un n\u00famero en caso de <\/span><span data-offset-key=\"3860s-1-0\">#emergencia<\/span><span data-offset-key=\"3860s-2-0\">&#8230; Si pueden mejor ap\u00f3yenlo d\u00e1ndole comida.<\/span><\/div>\n<\/div>\n<div class=\"\" data-block=\"true\" data-editor=\"f4ccu\" data-offset-key=\"4f9ag-0-0\">\n<div class=\"public-DraftStyleDefault-block public-DraftStyleDefault-ltr\" data-offset-key=\"4f9ag-0-0\"><span data-offset-key=\"4f9ag-0-0\">Gracias <\/span><span data-offset-key=\"4f9ag-1-0\">\ud83d\ude4f<\/span><\/div>\n<\/div>\n","protected":false},"excerpt":{"rendered":"<p>Solovino es un #perrito callejero que si bien no tiene un due\u00f1o espec\u00edfico, fue nombrado perro de la comunidad de Santa Mar\u00eda #Ray\u00f3n, #Edomex, en el a\u00f1o 2023. \u00a0 Esta es su #Historia \ud83d\udc47\ud83e\udd70 Los familiares de Carlos, alias &#8220;Solovino&#8221;, vinieron a darlo a luz en nuestra comunidad, (ten\u00eda un hermano muy juguet\u00f3n llamado Kevin, [&hellip;]<\/p>\n","protected":false},"author":12,"featured_media":36207,"comment_status":"open","ping_status":"open","sticky":false,"template":"","format":"standard","meta":{"footnotes":""},"categories":[102,113],"tags":[],"class_list":["post-36144","post","type-post","status-publish","format-standard","has-post-thumbnail","hentry","category-edomex","category-santa-maria-rayon"],"_links":{"self":[{"href":"https:\/\/quepocamadre.com\/index.php?rest_route=\/wp\/v2\/posts\/36144","targetHints":{"allow":["GET"]}}],"collection":[{"href":"https:\/\/quepocamadre.com\/index.php?rest_route=\/wp\/v2\/posts"}],"about":[{"href":"https:\/\/quepocamadre.com\/index.php?rest_route=\/wp\/v2\/types\/post"}],"author":[{"embeddable":true,"href":"https:\/\/quepocamadre.com\/index.php?rest_route=\/wp\/v2\/users\/12"}],"replies":[{"embeddable":true,"href":"https:\/\/quepocamadre.com\/index.php?rest_route=%2Fwp%2Fv2%2Fcomments&post=36144"}],"version-history":[{"count":1,"href":"https:\/\/quepocamadre.com\/index.php?rest_route=\/wp\/v2\/posts\/36144\/revisions"}],"predecessor-version":[{"id":36208,"href":"https:\/\/quepocamadre.com\/index.php?rest_route=\/wp\/v2\/posts\/36144\/revisions\/36208"}],"wp:featuredmedia":[{"embeddable":true,"href":"https:\/\/quepocamadre.com\/index.php?rest_route=\/wp\/v2\/media\/36207"}],"wp:attachment":[{"href":"https:\/\/quepocamadre.com\/index.php?rest_route=%2Fwp%2Fv2%2Fmedia&parent=36144"}],"wp:term":[{"taxonomy":"category","embeddable":true,"href":"https:\/\/quepocamadre.com\/index.php?rest_route=%2Fwp%2Fv2%2Fcategories&post=36144"},{"taxonomy":"post_tag","embeddable":true,"href":"https:\/\/quepocamadre.com\/index.php?rest_route=%2Fwp%2Fv2%2Ftags&post=36144"}],"curies":[{"name":"wp","href":"https:\/\/api.w.org\/{rel}","templated":true}]}}