{"id":36108,"date":"2024-10-23T19:36:41","date_gmt":"2024-10-23T19:36:41","guid":{"rendered":"https:\/\/quepocamadre.com\/?p=36108"},"modified":"2024-10-23T19:37:54","modified_gmt":"2024-10-23T19:37:54","slug":"orgullomexiquense%e2%80%bc%ef%b8%8f%f0%9f%87%b2%f0%9f%87%bd-deportitas-del-edomex-pondran-en-alto-el-nombre-de-mexico-en-la-perla-de-arabia-%f0%9f%8c%8d%f0%9f%8f%85%f0%9f%a5%b3","status":"publish","type":"post","link":"https:\/\/quepocamadre.com\/?p=36108","title":{"rendered":"#OrgulloMexiquense\u203c\ufe0f\ud83c\uddf2\ud83c\uddfd DEPORTITAS DEL #Edomex, PONDRAN EN ALTO EL NOMBRE DE #M\u00e9xico EN &#8220;LA PERLA DE #Arabia&#8221; \ud83c\udf0d\ud83c\udfc5\ud83e\udd73"},"content":{"rendered":"<div class=\"\" data-block=\"true\" data-editor=\"920dl\" data-offset-key=\"3cc0a-0-0\">\n<div class=\"public-DraftStyleDefault-block public-DraftStyleDefault-ltr\" data-offset-key=\"3cc0a-0-0\"><span data-offset-key=\"6iqn8-0-0\">Desde hoy hasta el pr\u00f3ximo 31 de octubre, se estar\u00e1 realizando en <\/span><span data-offset-key=\"6iqn8-1-0\">#Bahrain<\/span><span data-offset-key=\"6iqn8-2-0\">, en el Golfo P\u00e9rsico, la <\/span><span data-offset-key=\"6iqn8-3-0\">#Gymnasiada<\/span><span data-offset-key=\"6iqn8-4-0\">, evento organizado por la Federaci\u00f3n Internacional <\/span><span data-offset-key=\"6iqn8-4-1\">de Deportes Escolares (ISF), el cual busca no solo promover el deporte, sino tambi\u00e9n <\/span><span data-offset-key=\"6iqn8-5-0\">#Valores<\/span><span data-offset-key=\"6iqn8-6-0\"> como <\/span><span data-offset-key=\"6iqn8-7-0\">#Educaci\u00f3n<\/span><span data-offset-key=\"6iqn8-8-0\">, <\/span><span data-offset-key=\"6iqn8-9-0\">#Respeto<\/span><span data-offset-key=\"6iqn8-10-0\">, <\/span><span data-offset-key=\"6iqn8-11-0\">#Inclusi\u00f3n<\/span><span data-offset-key=\"6iqn8-12-0\"> y <\/span><span data-offset-key=\"6iqn8-13-0\">#DiversidadCultural<\/span><span data-offset-key=\"6iqn8-14-0\">.<\/span><\/div>\n<\/div>\n<div class=\"\" data-block=\"true\" data-editor=\"920dl\" data-offset-key=\"42qk-0-0\">\n<div class=\"public-DraftStyleDefault-block public-DraftStyleDefault-ltr\" data-offset-key=\"42qk-0-0\"><span data-offset-key=\"42qk-0-0\">\u00a0<\/span><\/div>\n<\/div>\n<div class=\"\" data-block=\"true\" data-editor=\"920dl\" data-offset-key=\"2t03f-0-0\">\n<div class=\"public-DraftStyleDefault-block public-DraftStyleDefault-ltr\" data-offset-key=\"2t03f-0-0\"><span data-offset-key=\"2t03f-0-0\">Durante estos d\u00edas, atletas de todo el mundo se reunir\u00e1n para competir en 26 disciplinas diferentes. La <\/span><span data-offset-key=\"2t03f-1-0\">#Delegaci\u00f3n<\/span><span data-offset-key=\"2t03f-2-0\"> de nuestro pa\u00eds estar\u00e1 compuesta por 147 deportistas, entre ellos los del equipo <\/span><span data-offset-key=\"2t03f-3-0\">#TheStars<\/span> <span data-offset-key=\"2t03f-5-0\">\ud83e\udd4b<\/span><span data-offset-key=\"2t03f-6-0\"> encabezado por Jos\u00e9 Antonio Bautista y la atleta a Joys Jim\u00e9nez Cer\u00f3n, originaria de <\/span><span data-offset-key=\"2t03f-7-0\">#Ray\u00f3n<\/span><span data-offset-key=\"2t03f-8-0\">, <\/span><span data-offset-key=\"2t03f-9-0\">#Edomex<\/span><span data-offset-key=\"2t03f-10-0\">.<\/span><\/div>\n<\/div>\n<div class=\"\" data-block=\"true\" data-editor=\"920dl\" data-offset-key=\"cvqmd-0-0\">\n<div class=\"public-DraftStyleDefault-block public-DraftStyleDefault-ltr\" data-offset-key=\"cvqmd-0-0\"><span data-offset-key=\"cvqmd-0-0\">\u00a0<\/span><\/div>\n<\/div>\n<div class=\"\" data-block=\"true\" data-editor=\"920dl\" data-offset-key=\"77t7j-0-0\">\n<div class=\"public-DraftStyleDefault-block public-DraftStyleDefault-ltr\" data-offset-key=\"77t7j-0-0\"><span data-offset-key=\"77t7j-0-0\">MUCHO \u00c9XITO A TODAS Y TODOS<\/span><span data-offset-key=\"77t7j-1-0\">\u203c\ufe0f<\/span><span data-offset-key=\"77t7j-2-0\">\ud83d\ude4c<\/span><\/div>\n<\/div>\n<div class=\"\" data-block=\"true\" data-editor=\"920dl\" data-offset-key=\"dv2uo-0-0\">\n<div class=\"public-DraftStyleDefault-block public-DraftStyleDefault-ltr\" data-offset-key=\"dv2uo-0-0\"><span data-offset-key=\"dv2uo-0-0\">\u00a0<\/span><\/div>\n<\/div>\n<div class=\"\" data-block=\"true\" data-editor=\"920dl\" data-offset-key=\"7668b-0-0\">\n<div class=\"public-DraftStyleDefault-block public-DraftStyleDefault-ltr\" data-offset-key=\"7668b-0-0\"><span data-offset-key=\"7668b-0-0\">@CUFIDE_Edomex<\/span><\/div>\n<\/div>\n<div class=\"\" data-block=\"true\" data-editor=\"920dl\" data-offset-key=\"ed9ci-0-0\">\n<div class=\"public-DraftStyleDefault-block public-DraftStyleDefault-ltr\" data-offset-key=\"ed9ci-0-0\"><span data-offset-key=\"ed9ci-0-0\">@Edomex<\/span><\/div>\n<\/div>\n<div class=\"\" data-block=\"true\" data-editor=\"920dl\" data-offset-key=\"925rp-0-0\">\n<div class=\"public-DraftStyleDefault-block public-DraftStyleDefault-ltr\" data-offset-key=\"925rp-0-0\"><span data-offset-key=\"925rp-0-0\">@CONADE<\/span><\/div>\n<\/div>\n<div data-offset-key=\"925rp-0-0\"><\/div>\n<div data-offset-key=\"925rp-0-0\"><a href=\"https:\/\/quepocamadre.com\/?attachment_id=36109\" rel=\"attachment wp-att-36109\"><img fetchpriority=\"high\" decoding=\"async\" class=\"alignnone size-medium wp-image-36109\" src=\"https:\/\/quepocamadre.com\/wp-content\/uploads\/2024\/10\/POST-4-5-400x335.png\" alt=\"\" width=\"300\" height=\"251\" srcset=\"https:\/\/quepocamadre.com\/wp-content\/uploads\/2024\/10\/POST-4-5-400x335.png 400w, https:\/\/quepocamadre.com\/wp-content\/uploads\/2024\/10\/POST-4-5-650x545.png 650w, https:\/\/quepocamadre.com\/wp-content\/uploads\/2024\/10\/POST-4-5-250x210.png 250w, https:\/\/quepocamadre.com\/wp-content\/uploads\/2024\/10\/POST-4-5-768x644.png 768w, https:\/\/quepocamadre.com\/wp-content\/uploads\/2024\/10\/POST-4-5-150x126.png 150w, https:\/\/quepocamadre.com\/wp-content\/uploads\/2024\/10\/POST-4-5-50x42.png 50w, https:\/\/quepocamadre.com\/wp-content\/uploads\/2024\/10\/POST-4-5-100x84.png 100w, https:\/\/quepocamadre.com\/wp-content\/uploads\/2024\/10\/POST-4-5-200x168.png 200w, https:\/\/quepocamadre.com\/wp-content\/uploads\/2024\/10\/POST-4-5-300x251.png 300w, https:\/\/quepocamadre.com\/wp-content\/uploads\/2024\/10\/POST-4-5-350x293.png 350w, https:\/\/quepocamadre.com\/wp-content\/uploads\/2024\/10\/POST-4-5-450x377.png 450w, https:\/\/quepocamadre.com\/wp-content\/uploads\/2024\/10\/POST-4-5-500x419.png 500w, https:\/\/quepocamadre.com\/wp-content\/uploads\/2024\/10\/POST-4-5-550x461.png 550w, https:\/\/quepocamadre.com\/wp-content\/uploads\/2024\/10\/POST-4-5-800x671.png 800w, https:\/\/quepocamadre.com\/wp-content\/uploads\/2024\/10\/POST-4-5.png 940w\" sizes=\"(max-width: 300px) 100vw, 300px\" \/><\/a><\/div>\n","protected":false},"excerpt":{"rendered":"<p>Desde hoy hasta el pr\u00f3ximo 31 de octubre, se estar\u00e1 realizando en #Bahrain, en el Golfo P\u00e9rsico, la #Gymnasiada, evento organizado por la Federaci\u00f3n Internacional de Deportes Escolares (ISF), el cual busca no solo promover el deporte, sino tambi\u00e9n #Valores como #Educaci\u00f3n, #Respeto, #Inclusi\u00f3n y #DiversidadCultural. \u00a0 Durante estos d\u00edas, atletas de todo el mundo [&hellip;]<\/p>\n","protected":false},"author":12,"featured_media":36110,"comment_status":"open","ping_status":"open","sticky":false,"template":"","format":"standard","meta":{"footnotes":""},"categories":[102,113],"tags":[],"class_list":["post-36108","post","type-post","status-publish","format-standard","has-post-thumbnail","hentry","category-edomex","category-santa-maria-rayon"],"_links":{"self":[{"href":"https:\/\/quepocamadre.com\/index.php?rest_route=\/wp\/v2\/posts\/36108","targetHints":{"allow":["GET"]}}],"collection":[{"href":"https:\/\/quepocamadre.com\/index.php?rest_route=\/wp\/v2\/posts"}],"about":[{"href":"https:\/\/quepocamadre.com\/index.php?rest_route=\/wp\/v2\/types\/post"}],"author":[{"embeddable":true,"href":"https:\/\/quepocamadre.com\/index.php?rest_route=\/wp\/v2\/users\/12"}],"replies":[{"embeddable":true,"href":"https:\/\/quepocamadre.com\/index.php?rest_route=%2Fwp%2Fv2%2Fcomments&post=36108"}],"version-history":[{"count":2,"href":"https:\/\/quepocamadre.com\/index.php?rest_route=\/wp\/v2\/posts\/36108\/revisions"}],"predecessor-version":[{"id":36112,"href":"https:\/\/quepocamadre.com\/index.php?rest_route=\/wp\/v2\/posts\/36108\/revisions\/36112"}],"wp:featuredmedia":[{"embeddable":true,"href":"https:\/\/quepocamadre.com\/index.php?rest_route=\/wp\/v2\/media\/36110"}],"wp:attachment":[{"href":"https:\/\/quepocamadre.com\/index.php?rest_route=%2Fwp%2Fv2%2Fmedia&parent=36108"}],"wp:term":[{"taxonomy":"category","embeddable":true,"href":"https:\/\/quepocamadre.com\/index.php?rest_route=%2Fwp%2Fv2%2Fcategories&post=36108"},{"taxonomy":"post_tag","embeddable":true,"href":"https:\/\/quepocamadre.com\/index.php?rest_route=%2Fwp%2Fv2%2Ftags&post=36108"}],"curies":[{"name":"wp","href":"https:\/\/api.w.org\/{rel}","templated":true}]}}