{"id":35106,"date":"2024-10-09T14:41:38","date_gmt":"2024-10-09T14:41:38","guid":{"rendered":"https:\/\/quepocamadre.com\/?p=35106"},"modified":"2024-10-09T14:41:38","modified_gmt":"2024-10-09T14:41:38","slug":"trio-de-bandidos-traian-una-tartamuda-y-un-cuchillo","status":"publish","type":"post","link":"https:\/\/quepocamadre.com\/?p=35106","title":{"rendered":"Tr\u00edo de bandidos\u2026 Tra\u00edan una tartamuda y un cuchillo"},"content":{"rendered":"<p>Personal de la Secretar\u00eda de Seguridad del Edom\u00e9x detuvo a 3 personas presuntamente implicadas en el robo con violencia de un autom\u00f3vil, ocurrido en el municipio de Xalatlaco.<\/p>\n<p>Personal del C5 del Estado, alert\u00f3 a los agentes, quienes desplegaron un operativo sobre la calle Benito Ju\u00e1rez, en la delegaci\u00f3n de San Jos\u00e9 Mezapa; tras las acciones, se aseguraron 2 unidades, una r\u00e9plica de arma de fuego y un cuchillo.<\/p>\n<p><a href=\"https:\/\/quepocamadre.com\/wp-content\/uploads\/2024\/10\/TRIO-2.jpg\"><img fetchpriority=\"high\" decoding=\"async\" class=\"aligncenter size-full wp-image-35107\" src=\"https:\/\/quepocamadre.com\/wp-content\/uploads\/2024\/10\/TRIO-2.jpg\" alt=\"\" width=\"1200\" height=\"801\" srcset=\"https:\/\/quepocamadre.com\/wp-content\/uploads\/2024\/10\/TRIO-2.jpg 1200w, https:\/\/quepocamadre.com\/wp-content\/uploads\/2024\/10\/TRIO-2-400x267.jpg 400w, https:\/\/quepocamadre.com\/wp-content\/uploads\/2024\/10\/TRIO-2-650x434.jpg 650w, https:\/\/quepocamadre.com\/wp-content\/uploads\/2024\/10\/TRIO-2-250x167.jpg 250w, https:\/\/quepocamadre.com\/wp-content\/uploads\/2024\/10\/TRIO-2-768x513.jpg 768w, https:\/\/quepocamadre.com\/wp-content\/uploads\/2024\/10\/TRIO-2-150x100.jpg 150w, https:\/\/quepocamadre.com\/wp-content\/uploads\/2024\/10\/TRIO-2-50x33.jpg 50w, https:\/\/quepocamadre.com\/wp-content\/uploads\/2024\/10\/TRIO-2-100x67.jpg 100w, https:\/\/quepocamadre.com\/wp-content\/uploads\/2024\/10\/TRIO-2-200x134.jpg 200w, https:\/\/quepocamadre.com\/wp-content\/uploads\/2024\/10\/TRIO-2-300x200.jpg 300w, https:\/\/quepocamadre.com\/wp-content\/uploads\/2024\/10\/TRIO-2-350x234.jpg 350w, https:\/\/quepocamadre.com\/wp-content\/uploads\/2024\/10\/TRIO-2-450x300.jpg 450w, https:\/\/quepocamadre.com\/wp-content\/uploads\/2024\/10\/TRIO-2-500x334.jpg 500w, https:\/\/quepocamadre.com\/wp-content\/uploads\/2024\/10\/TRIO-2-550x367.jpg 550w, https:\/\/quepocamadre.com\/wp-content\/uploads\/2024\/10\/TRIO-2-800x534.jpg 800w\" sizes=\"(max-width: 1200px) 100vw, 1200px\" \/><\/a><\/p>\n","protected":false},"excerpt":{"rendered":"<p>Personal de la Secretar\u00eda de Seguridad del Edom\u00e9x detuvo a 3 personas presuntamente implicadas en el robo con violencia de un autom\u00f3vil, ocurrido en el municipio de Xalatlaco. Personal del C5 del Estado, alert\u00f3 a los agentes, quienes desplegaron un operativo sobre la calle Benito Ju\u00e1rez, en la delegaci\u00f3n de San Jos\u00e9 Mezapa; tras las [&hellip;]<\/p>\n","protected":false},"author":1,"featured_media":35108,"comment_status":"open","ping_status":"open","sticky":false,"template":"","format":"standard","meta":{"footnotes":""},"categories":[102,270],"tags":[],"class_list":["post-35106","post","type-post","status-publish","format-standard","has-post-thumbnail","hentry","category-edomex","category-xalatlaco"],"_links":{"self":[{"href":"https:\/\/quepocamadre.com\/index.php?rest_route=\/wp\/v2\/posts\/35106","targetHints":{"allow":["GET"]}}],"collection":[{"href":"https:\/\/quepocamadre.com\/index.php?rest_route=\/wp\/v2\/posts"}],"about":[{"href":"https:\/\/quepocamadre.com\/index.php?rest_route=\/wp\/v2\/types\/post"}],"author":[{"embeddable":true,"href":"https:\/\/quepocamadre.com\/index.php?rest_route=\/wp\/v2\/users\/1"}],"replies":[{"embeddable":true,"href":"https:\/\/quepocamadre.com\/index.php?rest_route=%2Fwp%2Fv2%2Fcomments&post=35106"}],"version-history":[{"count":1,"href":"https:\/\/quepocamadre.com\/index.php?rest_route=\/wp\/v2\/posts\/35106\/revisions"}],"predecessor-version":[{"id":35109,"href":"https:\/\/quepocamadre.com\/index.php?rest_route=\/wp\/v2\/posts\/35106\/revisions\/35109"}],"wp:featuredmedia":[{"embeddable":true,"href":"https:\/\/quepocamadre.com\/index.php?rest_route=\/wp\/v2\/media\/35108"}],"wp:attachment":[{"href":"https:\/\/quepocamadre.com\/index.php?rest_route=%2Fwp%2Fv2%2Fmedia&parent=35106"}],"wp:term":[{"taxonomy":"category","embeddable":true,"href":"https:\/\/quepocamadre.com\/index.php?rest_route=%2Fwp%2Fv2%2Fcategories&post=35106"},{"taxonomy":"post_tag","embeddable":true,"href":"https:\/\/quepocamadre.com\/index.php?rest_route=%2Fwp%2Fv2%2Ftags&post=35106"}],"curies":[{"name":"wp","href":"https:\/\/api.w.org\/{rel}","templated":true}]}}