{"id":35078,"date":"2024-10-08T23:05:59","date_gmt":"2024-10-08T23:05:59","guid":{"rendered":"https:\/\/quepocamadre.com\/?p=35078"},"modified":"2024-10-08T23:05:59","modified_gmt":"2024-10-08T23:05:59","slug":"ya-es-un-verdadero-cochiner0%e2%80%bc%ef%b8%8f%f0%9f%a4%a2%e2%9d%8c","status":"publish","type":"post","link":"https:\/\/quepocamadre.com\/?p=35078","title":{"rendered":"YA ES UN VERDADERO COCHINER0\u203c\ufe0f\ud83e\udd22\u274c"},"content":{"rendered":"<div class=\"\" data-block=\"true\" data-editor=\"3rlc6\" data-offset-key=\"6phca-0-0\">\n<div class=\"public-DraftStyleDefault-block public-DraftStyleDefault-ltr\" data-offset-key=\"6phca-0-0\"><span data-offset-key=\"1e24i-0-0\">\ud83d\udde3\ufe0f<\/span> <span data-offset-key=\"1e24i-2-0\">#DenunciaCiudadana<\/span><\/div>\n<\/div>\n<div class=\"\" data-block=\"true\" data-editor=\"3rlc6\" data-offset-key=\"3rjpf-0-0\">\n<div class=\"public-DraftStyleDefault-block public-DraftStyleDefault-ltr\" data-offset-key=\"3rjpf-0-0\"><span data-offset-key=\"3rjpf-0-0\">\u00a0<\/span><\/div>\n<\/div>\n<div class=\"\" data-block=\"true\" data-editor=\"3rlc6\" data-offset-key=\"5ljos-0-0\">\n<div class=\"public-DraftStyleDefault-block public-DraftStyleDefault-ltr\" data-offset-key=\"5ljos-0-0\"><span data-offset-key=\"5ljos-0-0\">Hola buenas tardes!!!<\/span><\/div>\n<\/div>\n<div class=\"\" data-block=\"true\" data-editor=\"3rlc6\" data-offset-key=\"7ucvr-0-0\">\n<div class=\"public-DraftStyleDefault-block public-DraftStyleDefault-ltr\" data-offset-key=\"7ucvr-0-0\"><span data-offset-key=\"7ucvr-0-0\">Podr\u00edan subir que en la calle Allende y Av. Ju\u00e1rez, aqu\u00ed en San Pedro, municipio de <\/span><span data-offset-key=\"7ucvr-1-0\">#Tianguistenco<\/span><span data-offset-key=\"7ucvr-2-0\">, <\/span><span data-offset-key=\"7ucvr-3-0\">#Edomex<\/span><span data-offset-key=\"7ucvr-4-0\">, tiene m\u00e1s de 15 d\u00edas que no ha pasado el carro de la <\/span><span data-offset-key=\"7ucvr-5-0\">#basura<\/span><span data-offset-key=\"7ucvr-6-0\">&#8230; Es <\/span><span data-offset-key=\"7ucvr-7-0\">#Urgente<\/span><span data-offset-key=\"7ucvr-8-0\"> que pasen po<\/span><span data-offset-key=\"7ucvr-8-1\">rque las calles ya est\u00e1n bastante sucias y con mal olor, gracias.<\/span><\/div>\n<\/div>\n","protected":false},"excerpt":{"rendered":"<p>\ud83d\udde3\ufe0f #DenunciaCiudadana \u00a0 Hola buenas tardes!!! Podr\u00edan subir que en la calle Allende y Av. Ju\u00e1rez, aqu\u00ed en San Pedro, municipio de #Tianguistenco, #Edomex, tiene m\u00e1s de 15 d\u00edas que no ha pasado el carro de la #basura&#8230; Es #Urgente que pasen porque las calles ya est\u00e1n bastante sucias y con mal olor, gracias.<\/p>\n","protected":false},"author":12,"featured_media":35085,"comment_status":"open","ping_status":"open","sticky":false,"template":"","format":"standard","meta":{"footnotes":""},"categories":[102,239],"tags":[],"class_list":["post-35078","post","type-post","status-publish","format-standard","has-post-thumbnail","hentry","category-edomex","category-santiago-tianguistenco"],"_links":{"self":[{"href":"https:\/\/quepocamadre.com\/index.php?rest_route=\/wp\/v2\/posts\/35078","targetHints":{"allow":["GET"]}}],"collection":[{"href":"https:\/\/quepocamadre.com\/index.php?rest_route=\/wp\/v2\/posts"}],"about":[{"href":"https:\/\/quepocamadre.com\/index.php?rest_route=\/wp\/v2\/types\/post"}],"author":[{"embeddable":true,"href":"https:\/\/quepocamadre.com\/index.php?rest_route=\/wp\/v2\/users\/12"}],"replies":[{"embeddable":true,"href":"https:\/\/quepocamadre.com\/index.php?rest_route=%2Fwp%2Fv2%2Fcomments&post=35078"}],"version-history":[{"count":1,"href":"https:\/\/quepocamadre.com\/index.php?rest_route=\/wp\/v2\/posts\/35078\/revisions"}],"predecessor-version":[{"id":35086,"href":"https:\/\/quepocamadre.com\/index.php?rest_route=\/wp\/v2\/posts\/35078\/revisions\/35086"}],"wp:featuredmedia":[{"embeddable":true,"href":"https:\/\/quepocamadre.com\/index.php?rest_route=\/wp\/v2\/media\/35085"}],"wp:attachment":[{"href":"https:\/\/quepocamadre.com\/index.php?rest_route=%2Fwp%2Fv2%2Fmedia&parent=35078"}],"wp:term":[{"taxonomy":"category","embeddable":true,"href":"https:\/\/quepocamadre.com\/index.php?rest_route=%2Fwp%2Fv2%2Fcategories&post=35078"},{"taxonomy":"post_tag","embeddable":true,"href":"https:\/\/quepocamadre.com\/index.php?rest_route=%2Fwp%2Fv2%2Ftags&post=35078"}],"curies":[{"name":"wp","href":"https:\/\/api.w.org\/{rel}","templated":true}]}}