{"id":35019,"date":"2024-10-08T14:25:55","date_gmt":"2024-10-08T14:25:55","guid":{"rendered":"https:\/\/quepocamadre.com\/?p=35019"},"modified":"2024-10-08T14:25:55","modified_gmt":"2024-10-08T14:25:55","slug":"otra-historia-mas-de-hasta-que-la-carcel-nos-separe","status":"publish","type":"post","link":"https:\/\/quepocamadre.com\/?p=35019","title":{"rendered":"Otra historia m\u00e1s de&#8230; hasta que la c\u00e1rcel nos separe"},"content":{"rendered":"<p>Gracias a los reportes de la ciudadan\u00eda, elementos de la Secretar\u00eda de Seguridad del Estado de M\u00e9xico lograron la detenci\u00f3n de Edgar Alejandro &#8220;N&#8221; de 23 a\u00f1os y Araceli Ivon &#8220;N&#8221; de 21 a\u00f1os, quienes fueron sorprendidos realizando actos il\u00edcitos en las comunidades de San Mart\u00edn Cachihuapan y Loma Alta Villa, en el municipio de Villa del Carb\u00f3n, Edom\u00e9x. Ambos fueron puestos a disposici\u00f3n del Ministerio P\u00fablico para que pueda ser definida su situaci\u00f3n jur\u00eddica.<\/p>\n","protected":false},"excerpt":{"rendered":"<p>Gracias a los reportes de la ciudadan\u00eda, elementos de la Secretar\u00eda de Seguridad del Estado de M\u00e9xico lograron la detenci\u00f3n de Edgar Alejandro &#8220;N&#8221; de 23 a\u00f1os y Araceli Ivon &#8220;N&#8221; de 21 a\u00f1os, quienes fueron sorprendidos realizando actos il\u00edcitos en las comunidades de San Mart\u00edn Cachihuapan y Loma Alta Villa, en el municipio de [&hellip;]<\/p>\n","protected":false},"author":1,"featured_media":35021,"comment_status":"open","ping_status":"open","sticky":false,"template":"","format":"standard","meta":{"footnotes":""},"categories":[102,269],"tags":[],"class_list":["post-35019","post","type-post","status-publish","format-standard","has-post-thumbnail","hentry","category-edomex","category-villa-del-carbon"],"_links":{"self":[{"href":"https:\/\/quepocamadre.com\/index.php?rest_route=\/wp\/v2\/posts\/35019","targetHints":{"allow":["GET"]}}],"collection":[{"href":"https:\/\/quepocamadre.com\/index.php?rest_route=\/wp\/v2\/posts"}],"about":[{"href":"https:\/\/quepocamadre.com\/index.php?rest_route=\/wp\/v2\/types\/post"}],"author":[{"embeddable":true,"href":"https:\/\/quepocamadre.com\/index.php?rest_route=\/wp\/v2\/users\/1"}],"replies":[{"embeddable":true,"href":"https:\/\/quepocamadre.com\/index.php?rest_route=%2Fwp%2Fv2%2Fcomments&post=35019"}],"version-history":[{"count":1,"href":"https:\/\/quepocamadre.com\/index.php?rest_route=\/wp\/v2\/posts\/35019\/revisions"}],"predecessor-version":[{"id":35022,"href":"https:\/\/quepocamadre.com\/index.php?rest_route=\/wp\/v2\/posts\/35019\/revisions\/35022"}],"wp:featuredmedia":[{"embeddable":true,"href":"https:\/\/quepocamadre.com\/index.php?rest_route=\/wp\/v2\/media\/35021"}],"wp:attachment":[{"href":"https:\/\/quepocamadre.com\/index.php?rest_route=%2Fwp%2Fv2%2Fmedia&parent=35019"}],"wp:term":[{"taxonomy":"category","embeddable":true,"href":"https:\/\/quepocamadre.com\/index.php?rest_route=%2Fwp%2Fv2%2Fcategories&post=35019"},{"taxonomy":"post_tag","embeddable":true,"href":"https:\/\/quepocamadre.com\/index.php?rest_route=%2Fwp%2Fv2%2Ftags&post=35019"}],"curies":[{"name":"wp","href":"https:\/\/api.w.org\/{rel}","templated":true}]}}