{"id":34770,"date":"2024-10-03T14:28:24","date_gmt":"2024-10-03T14:28:24","guid":{"rendered":"https:\/\/quepocamadre.com\/?p=34770"},"modified":"2024-10-03T14:28:24","modified_gmt":"2024-10-03T14:28:24","slug":"fue-a-pescar-y-pesco-la-muerte","status":"publish","type":"post","link":"https:\/\/quepocamadre.com\/?p=34770","title":{"rendered":"Fue a pescar \u00a1Y pesc\u00f3 la muerte!"},"content":{"rendered":"<p>Bomberos de San Mart\u00edn de las Pir\u00e1mides, Edom\u00e9x, lograron rescatar el cuerpo de un joven de 20 a\u00f1os de edad que cay\u00f3 a un jag\u00fcey de la comunidad de Palapa de este municipio.<\/p>\n<p>El joven identificado como Bryan \u201cN\u201d habr\u00eda acudido con un acompa\u00f1ante al cuerpo de agua; aparentemente estaban intentando pescar, pero en un descuido cay\u00f3.<\/p>\n<p>Debido al fango el joven no logr\u00f3 salir con vida y fue cuando se solicit\u00f3 el auxilio de los elementos de Protecci\u00f3n Civil municipal.<\/p>\n<p>Ante la complejidad del rescate, se pidi\u00f3 la intervenci\u00f3n de los Bomberos Voluntarios Pir\u00e1mides, quienes llegaron al lugar y despu\u00e9s de 30 minutos lograron recuperar el cuerpo.<\/p>\n<p>Elementos de seguridad p\u00fablica municipal resguardaron el \u00e1rea mientras esperaban la llegada del Ministerio P\u00fablico, quien se encarg\u00f3 del levantamiento del cuerpo y las diligencias correspondientes.<\/p>\n","protected":false},"excerpt":{"rendered":"<p>Bomberos de San Mart\u00edn de las Pir\u00e1mides, Edom\u00e9x, lograron rescatar el cuerpo de un joven de 20 a\u00f1os de edad que cay\u00f3 a un jag\u00fcey de la comunidad de Palapa de este municipio. El joven identificado como Bryan \u201cN\u201d habr\u00eda acudido con un acompa\u00f1ante al cuerpo de agua; aparentemente estaban intentando pescar, pero en un [&hellip;]<\/p>\n","protected":false},"author":1,"featured_media":34774,"comment_status":"open","ping_status":"open","sticky":false,"template":"","format":"standard","meta":{"footnotes":""},"categories":[102,258],"tags":[],"class_list":["post-34770","post","type-post","status-publish","format-standard","has-post-thumbnail","hentry","category-edomex","category-san-martin-de-las-piramides"],"_links":{"self":[{"href":"https:\/\/quepocamadre.com\/index.php?rest_route=\/wp\/v2\/posts\/34770","targetHints":{"allow":["GET"]}}],"collection":[{"href":"https:\/\/quepocamadre.com\/index.php?rest_route=\/wp\/v2\/posts"}],"about":[{"href":"https:\/\/quepocamadre.com\/index.php?rest_route=\/wp\/v2\/types\/post"}],"author":[{"embeddable":true,"href":"https:\/\/quepocamadre.com\/index.php?rest_route=\/wp\/v2\/users\/1"}],"replies":[{"embeddable":true,"href":"https:\/\/quepocamadre.com\/index.php?rest_route=%2Fwp%2Fv2%2Fcomments&post=34770"}],"version-history":[{"count":1,"href":"https:\/\/quepocamadre.com\/index.php?rest_route=\/wp\/v2\/posts\/34770\/revisions"}],"predecessor-version":[{"id":34775,"href":"https:\/\/quepocamadre.com\/index.php?rest_route=\/wp\/v2\/posts\/34770\/revisions\/34775"}],"wp:featuredmedia":[{"embeddable":true,"href":"https:\/\/quepocamadre.com\/index.php?rest_route=\/wp\/v2\/media\/34774"}],"wp:attachment":[{"href":"https:\/\/quepocamadre.com\/index.php?rest_route=%2Fwp%2Fv2%2Fmedia&parent=34770"}],"wp:term":[{"taxonomy":"category","embeddable":true,"href":"https:\/\/quepocamadre.com\/index.php?rest_route=%2Fwp%2Fv2%2Fcategories&post=34770"},{"taxonomy":"post_tag","embeddable":true,"href":"https:\/\/quepocamadre.com\/index.php?rest_route=%2Fwp%2Fv2%2Ftags&post=34770"}],"curies":[{"name":"wp","href":"https:\/\/api.w.org\/{rel}","templated":true}]}}