{"id":34539,"date":"2024-09-27T16:24:53","date_gmt":"2024-09-27T16:24:53","guid":{"rendered":"https:\/\/quepocamadre.com\/?p=34539"},"modified":"2024-09-27T16:24:53","modified_gmt":"2024-09-27T16:24:53","slug":"%f0%9f%94%b4%f0%9f%94%8eserviciosocial-buscan-a-joven-desaparecido-en-rayon-%f0%9f%9a%94%f0%9f%93%84%f0%9f%86%98-2","status":"publish","type":"post","link":"https:\/\/quepocamadre.com\/?p=34539","title":{"rendered":"\ud83d\udd34\ud83d\udd0e#ServicioSocial | BUSCAN A JOVEN DESAPARECIDO EN #Ray\u00f3n \ud83d\ude94\ud83d\udcc4\ud83c\udd98"},"content":{"rendered":"<p>\ud83d\udea8\u203c\ufe0f #URGENTE \u203c\ufe0f<br \/>\nAy\u00fadanos a compartir la #AlertaAmber de CRISTIAN FILIBERTO D\u00cdAZ LAGUNA, de 24 a\u00f1os de edad, quien fue visto por \u00faltima vez en la Colonia San Isidro, municipio de #SantaMar\u00edaRay\u00f3n, #Edomex; el d\u00eda 24 de septiembre de 2024.<\/p>\n<p>\ud83d\udc49Cualquier informaci\u00f3n comunicarse a los n\u00fameros de la #ficha o al:<br \/>\n722-283-2012 \/ 800-890-2940.<\/p>\n","protected":false},"excerpt":{"rendered":"<p>\ud83d\udea8\u203c\ufe0f #URGENTE \u203c\ufe0f Ay\u00fadanos a compartir la #AlertaAmber de CRISTIAN FILIBERTO D\u00cdAZ LAGUNA, de 24 a\u00f1os de edad, quien fue visto por \u00faltima vez en la Colonia San Isidro, municipio de #SantaMar\u00edaRay\u00f3n, #Edomex; el d\u00eda 24 de septiembre de 2024. \ud83d\udc49Cualquier informaci\u00f3n comunicarse a los n\u00fameros de la #ficha o al: 722-283-2012 \/ 800-890-2940.<\/p>\n","protected":false},"author":12,"featured_media":34540,"comment_status":"open","ping_status":"open","sticky":false,"template":"","format":"standard","meta":{"footnotes":""},"categories":[102,113],"tags":[],"class_list":["post-34539","post","type-post","status-publish","format-standard","has-post-thumbnail","hentry","category-edomex","category-santa-maria-rayon"],"_links":{"self":[{"href":"https:\/\/quepocamadre.com\/index.php?rest_route=\/wp\/v2\/posts\/34539","targetHints":{"allow":["GET"]}}],"collection":[{"href":"https:\/\/quepocamadre.com\/index.php?rest_route=\/wp\/v2\/posts"}],"about":[{"href":"https:\/\/quepocamadre.com\/index.php?rest_route=\/wp\/v2\/types\/post"}],"author":[{"embeddable":true,"href":"https:\/\/quepocamadre.com\/index.php?rest_route=\/wp\/v2\/users\/12"}],"replies":[{"embeddable":true,"href":"https:\/\/quepocamadre.com\/index.php?rest_route=%2Fwp%2Fv2%2Fcomments&post=34539"}],"version-history":[{"count":1,"href":"https:\/\/quepocamadre.com\/index.php?rest_route=\/wp\/v2\/posts\/34539\/revisions"}],"predecessor-version":[{"id":34541,"href":"https:\/\/quepocamadre.com\/index.php?rest_route=\/wp\/v2\/posts\/34539\/revisions\/34541"}],"wp:featuredmedia":[{"embeddable":true,"href":"https:\/\/quepocamadre.com\/index.php?rest_route=\/wp\/v2\/media\/34540"}],"wp:attachment":[{"href":"https:\/\/quepocamadre.com\/index.php?rest_route=%2Fwp%2Fv2%2Fmedia&parent=34539"}],"wp:term":[{"taxonomy":"category","embeddable":true,"href":"https:\/\/quepocamadre.com\/index.php?rest_route=%2Fwp%2Fv2%2Fcategories&post=34539"},{"taxonomy":"post_tag","embeddable":true,"href":"https:\/\/quepocamadre.com\/index.php?rest_route=%2Fwp%2Fv2%2Ftags&post=34539"}],"curies":[{"name":"wp","href":"https:\/\/api.w.org\/{rel}","templated":true}]}}