{"id":33797,"date":"2024-09-17T19:55:52","date_gmt":"2024-09-17T19:55:52","guid":{"rendered":"https:\/\/quepocamadre.com\/?p=33797"},"modified":"2024-09-17T19:55:52","modified_gmt":"2024-09-17T19:55:52","slug":"partido-electificante%e2%80%bc%ef%b8%8f%e2%9a%a1%ef%b8%8f-cae-un-rayo-durante-un-partido-de-futbol-%f0%9f%a4%95%e2%9a%bd%ef%b8%8f%f0%9f%86%98","status":"publish","type":"post","link":"https:\/\/quepocamadre.com\/?p=33797","title":{"rendered":"PARTIDO ELECTIFICANTE\u203c\ufe0f\u26a1\ufe0f CAE UN RAYO DURANTE UN PARTIDO DE #F\u00fatbol \ud83e\udd15\u26bd\ufe0f\ud83c\udd98"},"content":{"rendered":"<div class=\"\" data-block=\"true\" data-editor=\"es3u5\" data-offset-key=\"996cq-0-0\">\n<div class=\"public-DraftStyleDefault-block public-DraftStyleDefault-ltr\" data-offset-key=\"996cq-0-0\"><span data-offset-key=\"bc18i-0-0\">Mientras se disputaba un <\/span><span data-offset-key=\"bc18i-1-0\">#PartidoDeFutbol<\/span><span data-offset-key=\"bc18i-2-0\"> amateur en unas canchas ubicadas en el paraje Malvinas, del municipio de <\/span><span data-offset-key=\"bc18i-3-0\">#SantaMar\u00edaRay\u00f3n<\/span><span data-offset-key=\"bc18i-4-0\">, <\/span><span data-offset-key=\"bc18i-5-0\">#Edomex<\/span><span data-offset-key=\"bc18i-6-0\">, cay\u00f3 un rayo y dej\u00f3 a al menos 10 personas lesionadas.<\/span><\/div>\n<\/div>\n<div class=\"\" data-block=\"true\" data-editor=\"es3u5\" data-offset-key=\"5qvso-0-0\">\n<div class=\"public-DraftStyleDefault-block public-DraftStyleDefault-ltr\" data-offset-key=\"5qvso-0-0\"><span data-offset-key=\"5qvso-0-0\">\u00a0<\/span><\/div>\n<\/div>\n<div class=\"\" data-block=\"true\" data-editor=\"es3u5\" data-offset-key=\"75abr-0-0\">\n<div class=\"public-DraftStyleDefault-block public-DraftStyleDefault-ltr\" data-offset-key=\"75abr-0-0\"><span data-offset-key=\"75abr-0-0\">Elemen<\/span><span data-offset-key=\"75abr-0-1\">tos de la <\/span><span data-offset-key=\"75abr-1-0\">@SS_Edomex<\/span><span data-offset-key=\"75abr-2-0\"> y <\/span><span data-offset-key=\"75abr-3-0\">@pciviledomex<\/span><span data-offset-key=\"75abr-4-0\">, llegaron al sitio y auxiliaron a 7 personas que resultaron lesionadas, mismas eran trasladadas a diferentes hospitales. El estado de <\/span><span data-offset-key=\"75abr-5-0\">#Salud<\/span><span data-offset-key=\"75abr-6-0\"> de las v\u00edctimas permanece reservado.<\/p>\n<p><a href=\"https:\/\/quepocamadre.com\/?attachment_id=33800\" rel=\"attachment wp-att-33800\"><img fetchpriority=\"high\" decoding=\"async\" class=\"alignnone size-medium wp-image-33800\" src=\"https:\/\/quepocamadre.com\/wp-content\/uploads\/2024\/09\/PORTADA-2-1-400x225.png\" alt=\"\" width=\"300\" height=\"169\" srcset=\"https:\/\/quepocamadre.com\/wp-content\/uploads\/2024\/09\/PORTADA-2-1-400x225.png 400w, https:\/\/quepocamadre.com\/wp-content\/uploads\/2024\/09\/PORTADA-2-1-650x366.png 650w, https:\/\/quepocamadre.com\/wp-content\/uploads\/2024\/09\/PORTADA-2-1-250x141.png 250w, https:\/\/quepocamadre.com\/wp-content\/uploads\/2024\/09\/PORTADA-2-1-768x432.png 768w, https:\/\/quepocamadre.com\/wp-content\/uploads\/2024\/09\/PORTADA-2-1-1536x864.png 1536w, https:\/\/quepocamadre.com\/wp-content\/uploads\/2024\/09\/PORTADA-2-1-150x84.png 150w, https:\/\/quepocamadre.com\/wp-content\/uploads\/2024\/09\/PORTADA-2-1-50x28.png 50w, https:\/\/quepocamadre.com\/wp-content\/uploads\/2024\/09\/PORTADA-2-1-100x56.png 100w, https:\/\/quepocamadre.com\/wp-content\/uploads\/2024\/09\/PORTADA-2-1-200x113.png 200w, https:\/\/quepocamadre.com\/wp-content\/uploads\/2024\/09\/PORTADA-2-1-300x169.png 300w, https:\/\/quepocamadre.com\/wp-content\/uploads\/2024\/09\/PORTADA-2-1-350x197.png 350w, https:\/\/quepocamadre.com\/wp-content\/uploads\/2024\/09\/PORTADA-2-1-450x253.png 450w, https:\/\/quepocamadre.com\/wp-content\/uploads\/2024\/09\/PORTADA-2-1-500x281.png 500w, https:\/\/quepocamadre.com\/wp-content\/uploads\/2024\/09\/PORTADA-2-1-550x309.png 550w, https:\/\/quepocamadre.com\/wp-content\/uploads\/2024\/09\/PORTADA-2-1-800x450.png 800w, https:\/\/quepocamadre.com\/wp-content\/uploads\/2024\/09\/PORTADA-2-1-1200x675.png 1200w, https:\/\/quepocamadre.com\/wp-content\/uploads\/2024\/09\/PORTADA-2-1-1600x900.png 1600w, https:\/\/quepocamadre.com\/wp-content\/uploads\/2024\/09\/PORTADA-2-1.png 1920w\" sizes=\"(max-width: 300px) 100vw, 300px\" \/><\/a><a href=\"https:\/\/quepocamadre.com\/?attachment_id=33798\" rel=\"attachment wp-att-33798\"> \u00a0<img decoding=\"async\" class=\"alignnone size-medium wp-image-33798\" src=\"https:\/\/quepocamadre.com\/wp-content\/uploads\/2024\/09\/PORTADA-3-1-400x225.png\" alt=\"\" width=\"300\" height=\"169\" srcset=\"https:\/\/quepocamadre.com\/wp-content\/uploads\/2024\/09\/PORTADA-3-1-400x225.png 400w, https:\/\/quepocamadre.com\/wp-content\/uploads\/2024\/09\/PORTADA-3-1-650x366.png 650w, https:\/\/quepocamadre.com\/wp-content\/uploads\/2024\/09\/PORTADA-3-1-250x141.png 250w, https:\/\/quepocamadre.com\/wp-content\/uploads\/2024\/09\/PORTADA-3-1-768x432.png 768w, https:\/\/quepocamadre.com\/wp-content\/uploads\/2024\/09\/PORTADA-3-1-1536x864.png 1536w, https:\/\/quepocamadre.com\/wp-content\/uploads\/2024\/09\/PORTADA-3-1-150x84.png 150w, https:\/\/quepocamadre.com\/wp-content\/uploads\/2024\/09\/PORTADA-3-1-50x28.png 50w, https:\/\/quepocamadre.com\/wp-content\/uploads\/2024\/09\/PORTADA-3-1-100x56.png 100w, https:\/\/quepocamadre.com\/wp-content\/uploads\/2024\/09\/PORTADA-3-1-200x113.png 200w, https:\/\/quepocamadre.com\/wp-content\/uploads\/2024\/09\/PORTADA-3-1-300x169.png 300w, https:\/\/quepocamadre.com\/wp-content\/uploads\/2024\/09\/PORTADA-3-1-350x197.png 350w, https:\/\/quepocamadre.com\/wp-content\/uploads\/2024\/09\/PORTADA-3-1-450x253.png 450w, https:\/\/quepocamadre.com\/wp-content\/uploads\/2024\/09\/PORTADA-3-1-500x281.png 500w, https:\/\/quepocamadre.com\/wp-content\/uploads\/2024\/09\/PORTADA-3-1-550x309.png 550w, https:\/\/quepocamadre.com\/wp-content\/uploads\/2024\/09\/PORTADA-3-1-800x450.png 800w, https:\/\/quepocamadre.com\/wp-content\/uploads\/2024\/09\/PORTADA-3-1-1200x675.png 1200w, https:\/\/quepocamadre.com\/wp-content\/uploads\/2024\/09\/PORTADA-3-1-1600x900.png 1600w, https:\/\/quepocamadre.com\/wp-content\/uploads\/2024\/09\/PORTADA-3-1.png 1920w\" sizes=\"(max-width: 300px) 100vw, 300px\" \/><\/a><br \/>\n<\/span><\/div>\n<\/div>\n","protected":false},"excerpt":{"rendered":"<p>Mientras se disputaba un #PartidoDeFutbol amateur en unas canchas ubicadas en el paraje Malvinas, del municipio de #SantaMar\u00edaRay\u00f3n, #Edomex, cay\u00f3 un rayo y dej\u00f3 a al menos 10 personas lesionadas. \u00a0 Elementos de la @SS_Edomex y @pciviledomex, llegaron al sitio y auxiliaron a 7 personas que resultaron lesionadas, mismas eran trasladadas a diferentes hospitales. El [&hellip;]<\/p>\n","protected":false},"author":12,"featured_media":33799,"comment_status":"open","ping_status":"open","sticky":false,"template":"","format":"standard","meta":{"footnotes":""},"categories":[102,113],"tags":[],"class_list":["post-33797","post","type-post","status-publish","format-standard","has-post-thumbnail","hentry","category-edomex","category-santa-maria-rayon"],"_links":{"self":[{"href":"https:\/\/quepocamadre.com\/index.php?rest_route=\/wp\/v2\/posts\/33797","targetHints":{"allow":["GET"]}}],"collection":[{"href":"https:\/\/quepocamadre.com\/index.php?rest_route=\/wp\/v2\/posts"}],"about":[{"href":"https:\/\/quepocamadre.com\/index.php?rest_route=\/wp\/v2\/types\/post"}],"author":[{"embeddable":true,"href":"https:\/\/quepocamadre.com\/index.php?rest_route=\/wp\/v2\/users\/12"}],"replies":[{"embeddable":true,"href":"https:\/\/quepocamadre.com\/index.php?rest_route=%2Fwp%2Fv2%2Fcomments&post=33797"}],"version-history":[{"count":1,"href":"https:\/\/quepocamadre.com\/index.php?rest_route=\/wp\/v2\/posts\/33797\/revisions"}],"predecessor-version":[{"id":33801,"href":"https:\/\/quepocamadre.com\/index.php?rest_route=\/wp\/v2\/posts\/33797\/revisions\/33801"}],"wp:featuredmedia":[{"embeddable":true,"href":"https:\/\/quepocamadre.com\/index.php?rest_route=\/wp\/v2\/media\/33799"}],"wp:attachment":[{"href":"https:\/\/quepocamadre.com\/index.php?rest_route=%2Fwp%2Fv2%2Fmedia&parent=33797"}],"wp:term":[{"taxonomy":"category","embeddable":true,"href":"https:\/\/quepocamadre.com\/index.php?rest_route=%2Fwp%2Fv2%2Fcategories&post=33797"},{"taxonomy":"post_tag","embeddable":true,"href":"https:\/\/quepocamadre.com\/index.php?rest_route=%2Fwp%2Fv2%2Ftags&post=33797"}],"curies":[{"name":"wp","href":"https:\/\/api.w.org\/{rel}","templated":true}]}}