{"id":33417,"date":"2024-09-10T15:47:13","date_gmt":"2024-09-10T15:47:13","guid":{"rendered":"https:\/\/quepocamadre.com\/?p=33417"},"modified":"2024-09-10T15:47:13","modified_gmt":"2024-09-10T15:47:13","slug":"se-mamoooo-franco-escamilla-no-aguanto-la-burla-contra-su-familia-en-redes-sociales","status":"publish","type":"post","link":"https:\/\/quepocamadre.com\/?p=33417","title":{"rendered":"\u00a1SE MAMOOO\u00d3! Franco Escamilla no aguant\u00f3 la burla contra su familia en redes sociales"},"content":{"rendered":"<blockquote><p>Los gente molesta comenzaron atacarlo con burlas por el sobrepeso de su familia, en especial de su hija.<\/p><\/blockquote>\n<p>Franco Escamilla sigue dando de qu\u00e9 hablar, pues en redes sociales la gente se lo sigue \u201ccomiendo\u201d y recordando sus chistes de \u201chumor negro\u201d, pues todo deton\u00f3 una vez que el standupero publicara fotos de la fiesta de XV a\u00f1os de su hija, donde los cibernautas se metieron con su familia, justificando que, Escamilla ha utilizado su humor para humillar a otras personas o gremios.<\/p>\n<p>Ante ello, en un podcast emitido por redes sociales, el comediante pidi\u00f3 un alto a los comentarios burlones hacia sus hijos.<\/p>\n<p>Pero el inicio de esto se origin\u00f3 cuando Iv\u00e1n Femmat, &#8220;La Mole&#8221;, se mof\u00f3 del ataque de ansiedad que vivi\u00f3 Arath de la Torre en La Casa de los Famosos M\u00e9xico, Franco se le uni\u00f3 a la burla.<\/p>\n<p>Claro que esto desat\u00f3 una ola de cr\u00edticas en su contra, el standupero se defendi\u00f3 diciendo que &#8220;el padece de ataques de ansiedad y renoce los sintomas, que lo \u00fanico que hizo fue seguir la broma de su amigo, y que los ataques contra su familia no se pueden excusar con &#8220;es humor negro&#8221;, no saben lo que es el humor negro&#8221;.<\/p>\n<p>Los usuarios se molestaron y comenzaron atacarlo con burlas del sobrepeso de su familia, en especial de su hija, recordando todas las ocasiones que el comediante lo hizo y utiliz\u00e1ndolo en su contra.<\/p>\n<p>En medio de esta pol\u00e9mica, Franco Escamilla tambi\u00e9n revel\u00f3 que su hija fue hospitalizada, lo cual cambi\u00f3 por completo el foco de atenci\u00f3n de las burlas hacia la familia del standupero.<\/p>\n<p>Estos ataques han dividido opiniones, ya que hay quienes aseguran que no deben meterse con sus hijos, ya que el que se ha burlado es \u00e9l y no los menores de edad.<\/p>\n","protected":false},"excerpt":{"rendered":"<p>Los gente molesta comenzaron atacarlo con burlas por el sobrepeso de su familia, en especial de su hija. Franco Escamilla sigue dando de qu\u00e9 hablar, pues en redes sociales la gente se lo sigue \u201ccomiendo\u201d y recordando sus chistes de \u201chumor negro\u201d, pues todo deton\u00f3 una vez que el standupero publicara fotos de la fiesta [&hellip;]<\/p>\n","protected":false},"author":1,"featured_media":33422,"comment_status":"open","ping_status":"open","sticky":false,"template":"","format":"standard","meta":{"footnotes":""},"categories":[124],"tags":[],"class_list":["post-33417","post","type-post","status-publish","format-standard","has-post-thumbnail","hentry","category-nacional"],"_links":{"self":[{"href":"https:\/\/quepocamadre.com\/index.php?rest_route=\/wp\/v2\/posts\/33417","targetHints":{"allow":["GET"]}}],"collection":[{"href":"https:\/\/quepocamadre.com\/index.php?rest_route=\/wp\/v2\/posts"}],"about":[{"href":"https:\/\/quepocamadre.com\/index.php?rest_route=\/wp\/v2\/types\/post"}],"author":[{"embeddable":true,"href":"https:\/\/quepocamadre.com\/index.php?rest_route=\/wp\/v2\/users\/1"}],"replies":[{"embeddable":true,"href":"https:\/\/quepocamadre.com\/index.php?rest_route=%2Fwp%2Fv2%2Fcomments&post=33417"}],"version-history":[{"count":1,"href":"https:\/\/quepocamadre.com\/index.php?rest_route=\/wp\/v2\/posts\/33417\/revisions"}],"predecessor-version":[{"id":33423,"href":"https:\/\/quepocamadre.com\/index.php?rest_route=\/wp\/v2\/posts\/33417\/revisions\/33423"}],"wp:featuredmedia":[{"embeddable":true,"href":"https:\/\/quepocamadre.com\/index.php?rest_route=\/wp\/v2\/media\/33422"}],"wp:attachment":[{"href":"https:\/\/quepocamadre.com\/index.php?rest_route=%2Fwp%2Fv2%2Fmedia&parent=33417"}],"wp:term":[{"taxonomy":"category","embeddable":true,"href":"https:\/\/quepocamadre.com\/index.php?rest_route=%2Fwp%2Fv2%2Fcategories&post=33417"},{"taxonomy":"post_tag","embeddable":true,"href":"https:\/\/quepocamadre.com\/index.php?rest_route=%2Fwp%2Fv2%2Ftags&post=33417"}],"curies":[{"name":"wp","href":"https:\/\/api.w.org\/{rel}","templated":true}]}}