{"id":33276,"date":"2024-09-09T16:06:13","date_gmt":"2024-09-09T16:06:13","guid":{"rendered":"https:\/\/quepocamadre.com\/?p=33276"},"modified":"2024-09-09T16:14:57","modified_gmt":"2024-09-09T16:14:57","slug":"alarmante-y-urgente-se-vino-el-cerro-abajo","status":"publish","type":"post","link":"https:\/\/quepocamadre.com\/?p=33276","title":{"rendered":"\u00a1Alarmante y urgente! Se vino el cerro abajo"},"content":{"rendered":"<p>Se deslav\u00f3 en Quer\u00e9taro un cerro, provocando que se quede incomunicado el municipio de Pinal de Amoles por al menos los siguientes dos d\u00edas. La autoridades informaron que el cerro se deslav\u00f3 en la carretera federal 120 San Juan del R\u00edo-Xilitla, a la altura de la Ganadera.<\/p>\n<p>La alcaldesa de Pinal de Amoles, Guadalupe Ram\u00edrez, inform\u00f3 que fue en el kil\u00f3metro 141+300 donde se derrumb\u00f3 parte del cerro.<\/p>\n<p>Gracias a usuarios se pudo observar c\u00f3mo se desgajaba un pedazo de cerro sobre la carretera. Este desprendimiento de piedras, arbustos y lodo le sobrevino a otros ocurridos previamente.<\/p>\n<p>&nbsp;<\/p>\n<blockquote class=\"twitter-tweet\" data-media-max-width=\"560\">\n<p dir=\"ltr\" lang=\"es\"><a href=\"https:\/\/twitter.com\/hashtag\/URGENTE?src=hash&amp;ref_src=twsrc%5Etfw\">#URGENTE<\/a>\u203c\ufe0f\ud83c\udfa5 &#8220;SE VINO EL CERRO, SE\u00d1ORES&#8221; \ud83d\ude31\ud83d\udeab<\/p>\n<p>\ud83d\udccd<a href=\"https:\/\/twitter.com\/hashtag\/Quer%C3%A9taro?src=hash&amp;ref_src=twsrc%5Etfw\">#Quer\u00e9taro<\/a> | Pobladores del municipio de <a href=\"https:\/\/twitter.com\/hashtag\/PinalDeAmoles?src=hash&amp;ref_src=twsrc%5Etfw\">#PinalDeAmoles<\/a>, quedaron incomunicados luego de registrarse un deslizamiento de tierra y rocas, sobre la carretera federal <a href=\"https:\/\/twitter.com\/hashtag\/SanJuanDelR%C3%ADo?src=hash&amp;ref_src=twsrc%5Etfw\">#SanJuanDelR\u00edo<\/a>&#8211;<a href=\"https:\/\/twitter.com\/hashtag\/Xilitla?src=hash&amp;ref_src=twsrc%5Etfw\">#Xilitla<\/a>. Por fortuna no se reportan heridos.\u2026 <a href=\"https:\/\/t.co\/8cDW2Hurl6\">pic.twitter.com\/8cDW2Hurl6<\/a><\/p>\n<p>\u2014 Qu\u00e9 Poca Madre \ud83c\uddf2\ud83c\uddfd (@QuePocaMadre_Mx) <a href=\"https:\/\/twitter.com\/QuePocaMadre_Mx\/status\/1832813092654256351?ref_src=twsrc%5Etfw\">September 8, 2024<\/a><\/p><\/blockquote>\n<p><script async src=\"https:\/\/platform.twitter.com\/widgets.js\" charset=\"utf-8\"><\/script><\/p>\n","protected":false},"excerpt":{"rendered":"<p>Se deslav\u00f3 en Quer\u00e9taro un cerro, provocando que se quede incomunicado el municipio de Pinal de Amoles por al menos los siguientes dos d\u00edas. La autoridades informaron que el cerro se deslav\u00f3 en la carretera federal 120 San Juan del R\u00edo-Xilitla, a la altura de la Ganadera. La alcaldesa de Pinal de Amoles, Guadalupe Ram\u00edrez, [&hellip;]<\/p>\n","protected":false},"author":1,"featured_media":33280,"comment_status":"open","ping_status":"open","sticky":false,"template":"","format":"standard","meta":{"footnotes":""},"categories":[124,179],"tags":[],"class_list":["post-33276","post","type-post","status-publish","format-standard","has-post-thumbnail","hentry","category-nacional","category-qr"],"_links":{"self":[{"href":"https:\/\/quepocamadre.com\/index.php?rest_route=\/wp\/v2\/posts\/33276","targetHints":{"allow":["GET"]}}],"collection":[{"href":"https:\/\/quepocamadre.com\/index.php?rest_route=\/wp\/v2\/posts"}],"about":[{"href":"https:\/\/quepocamadre.com\/index.php?rest_route=\/wp\/v2\/types\/post"}],"author":[{"embeddable":true,"href":"https:\/\/quepocamadre.com\/index.php?rest_route=\/wp\/v2\/users\/1"}],"replies":[{"embeddable":true,"href":"https:\/\/quepocamadre.com\/index.php?rest_route=%2Fwp%2Fv2%2Fcomments&post=33276"}],"version-history":[{"count":2,"href":"https:\/\/quepocamadre.com\/index.php?rest_route=\/wp\/v2\/posts\/33276\/revisions"}],"predecessor-version":[{"id":33295,"href":"https:\/\/quepocamadre.com\/index.php?rest_route=\/wp\/v2\/posts\/33276\/revisions\/33295"}],"wp:featuredmedia":[{"embeddable":true,"href":"https:\/\/quepocamadre.com\/index.php?rest_route=\/wp\/v2\/media\/33280"}],"wp:attachment":[{"href":"https:\/\/quepocamadre.com\/index.php?rest_route=%2Fwp%2Fv2%2Fmedia&parent=33276"}],"wp:term":[{"taxonomy":"category","embeddable":true,"href":"https:\/\/quepocamadre.com\/index.php?rest_route=%2Fwp%2Fv2%2Fcategories&post=33276"},{"taxonomy":"post_tag","embeddable":true,"href":"https:\/\/quepocamadre.com\/index.php?rest_route=%2Fwp%2Fv2%2Ftags&post=33276"}],"curies":[{"name":"wp","href":"https:\/\/api.w.org\/{rel}","templated":true}]}}