{"id":33061,"date":"2024-09-04T22:52:44","date_gmt":"2024-09-04T22:52:44","guid":{"rendered":"https:\/\/quepocamadre.com\/?p=33061"},"modified":"2024-09-04T22:52:44","modified_gmt":"2024-09-04T22:52:44","slug":"%e2%9a%a0-la-nueva-atraccion-de-queretaro-el-geiser-de-huachicol-%f0%9f%9a%a8%e2%9b%bd","status":"publish","type":"post","link":"https:\/\/quepocamadre.com\/?p=33061","title":{"rendered":"\u26a0 LA NUEVA ATRACCI\u00d3N DE QUER\u00c9TARO: EL G\u00c9ISER DE HUACHICOL \ud83d\udea8\u26fd"},"content":{"rendered":"<p>Este mi\u00e9rcoles, autoridades evacuaron a los habitantes de al menos 40 viviendas del Fraccionamiento San Gil y la comunidad de San Javier, en San Juan del R\u00edo, Quer\u00e9taro, despu\u00e9s de que se generara una fuga de combustible en una toma de huachicol.<br \/>\nPersonal de Polic\u00eda Estatal Quer\u00e9taro, Coordinaci\u00f3n de Protecci\u00f3n Civil del Estado de Qro, Secretar\u00eda de la Defensa Nacional y PEMEX contin\u00faan trabajando en el punto para controlar la situaci\u00f3n.<\/p>\n<p>&nbsp;<\/p>\n<div style=\"width: 800px;\" class=\"wp-video\"><!--[if lt IE 9]><script>document.createElement('video');<\/script><![endif]-->\n<video class=\"wp-video-shortcode\" id=\"video-33061-1\" width=\"800\" height=\"800\" preload=\"metadata\" controls=\"controls\"><source type=\"video\/mp4\" src=\"https:\/\/quepocamadre.com\/wp-content\/uploads\/2024\/09\/Video-de-WhatsApp-2024-09-04-a-las-16.16.59_77ecd0b5.mp4?_=1\" \/><a href=\"https:\/\/quepocamadre.com\/wp-content\/uploads\/2024\/09\/Video-de-WhatsApp-2024-09-04-a-las-16.16.59_77ecd0b5.mp4\">https:\/\/quepocamadre.com\/wp-content\/uploads\/2024\/09\/Video-de-WhatsApp-2024-09-04-a-las-16.16.59_77ecd0b5.mp4<\/a><\/video><\/div>\n","protected":false},"excerpt":{"rendered":"<p>Este mi\u00e9rcoles, autoridades evacuaron a los habitantes de al menos 40 viviendas del Fraccionamiento San Gil y la comunidad de San Javier, en San Juan del R\u00edo, Quer\u00e9taro, despu\u00e9s de que se generara una fuga de combustible en una toma de huachicol. Personal de Polic\u00eda Estatal Quer\u00e9taro, Coordinaci\u00f3n de Protecci\u00f3n Civil del Estado de Qro, [&hellip;]<\/p>\n","protected":false},"author":12,"featured_media":33062,"comment_status":"open","ping_status":"open","sticky":false,"template":"","format":"standard","meta":{"footnotes":""},"categories":[160,179],"tags":[],"class_list":["post-33061","post","type-post","status-publish","format-standard","has-post-thumbnail","hentry","category-queretaro","category-qr"],"_links":{"self":[{"href":"https:\/\/quepocamadre.com\/index.php?rest_route=\/wp\/v2\/posts\/33061","targetHints":{"allow":["GET"]}}],"collection":[{"href":"https:\/\/quepocamadre.com\/index.php?rest_route=\/wp\/v2\/posts"}],"about":[{"href":"https:\/\/quepocamadre.com\/index.php?rest_route=\/wp\/v2\/types\/post"}],"author":[{"embeddable":true,"href":"https:\/\/quepocamadre.com\/index.php?rest_route=\/wp\/v2\/users\/12"}],"replies":[{"embeddable":true,"href":"https:\/\/quepocamadre.com\/index.php?rest_route=%2Fwp%2Fv2%2Fcomments&post=33061"}],"version-history":[{"count":1,"href":"https:\/\/quepocamadre.com\/index.php?rest_route=\/wp\/v2\/posts\/33061\/revisions"}],"predecessor-version":[{"id":33064,"href":"https:\/\/quepocamadre.com\/index.php?rest_route=\/wp\/v2\/posts\/33061\/revisions\/33064"}],"wp:featuredmedia":[{"embeddable":true,"href":"https:\/\/quepocamadre.com\/index.php?rest_route=\/wp\/v2\/media\/33062"}],"wp:attachment":[{"href":"https:\/\/quepocamadre.com\/index.php?rest_route=%2Fwp%2Fv2%2Fmedia&parent=33061"}],"wp:term":[{"taxonomy":"category","embeddable":true,"href":"https:\/\/quepocamadre.com\/index.php?rest_route=%2Fwp%2Fv2%2Fcategories&post=33061"},{"taxonomy":"post_tag","embeddable":true,"href":"https:\/\/quepocamadre.com\/index.php?rest_route=%2Fwp%2Fv2%2Ftags&post=33061"}],"curies":[{"name":"wp","href":"https:\/\/api.w.org\/{rel}","templated":true}]}}